{"id":981,"date":"2022-01-18T18:45:28","date_gmt":"2022-01-18T18:45:28","guid":{"rendered":"https:\/\/jaliscoopina.mx\/?p=981"},"modified":"2022-01-18T18:45:28","modified_gmt":"2022-01-18T18:45:28","slug":"mariana-rodriguez-presume-que-421-familias-quieren-adoptar-a-ninos-por-un-fin-de-semana","status":"publish","type":"post","link":"https:\/\/jaliscoopina.mx\/index.php\/2022\/01\/18\/mariana-rodriguez-presume-que-421-familias-quieren-adoptar-a-ninos-por-un-fin-de-semana\/","title":{"rendered":"Mariana Rodr\u00edguez presume que 421 familias quieren \u201cadoptar\u201d a ni\u00f1os por un fin de semana"},"content":{"rendered":"<p>Mariana Rodr\u00edguez dio a conocer que 421 familias quieren \u201cadoptar\u201d a ni\u00f1os de forma temporal en Nuevo Le\u00f3n, por medio del mecanismo de acogimiento familiar.<\/p>\n<p class=\"sc-jWBwVP ghEFZV\">Por medio de Instagram, Mariana Rodr\u00edguez comparti\u00f3 un par de historias en las que destac\u00f3 que est\u00e1 \u201cincre\u00edblemente contenta\u201d porque cientos de familias en\u00a0<b>Nuevo Le\u00f3n<\/b>\u00a0desean \u201dadoptar\u201d a ni\u00f1os.<\/p>\n<p class=\"sc-jWBwVP ghEFZV\">As\u00ed lo indic\u00f3 Mariana Rodr\u00edguez al destacar que son un total de 421 familias las que se han inscrito al mecanismo de\u00a0<b>acogimiento familiar<\/b>\u00a0en la entidad.<\/p>\n<p class=\"sc-jWBwVP ghEFZV\">En sus publicaciones,\u00a0<a href=\"https:\/\/www.sdpnoticias.com\/estados\/nuevo-leon\/mariana-rodriguez-y-samuel-garcia-adoptan-un-bebe-por-el-fin-se-semana\/\" target=\"_blank\" rel=\"noopener\">Mariana Rodr\u00edguez<\/a>\u00a0record\u00f3 que hace unos d\u00edas eran 100 las familias que se encontraban inscritas al programa de acogimiento familiar que permite la adopci\u00f3n temporal de menores de edad.<\/p>\n<p class=\"sc-jWBwVP ghEFZV\">Sin embargo, la titular de la oficina AMAR a Nuevo Le\u00f3n resalt\u00f3 que son ya 421 las familias que est\u00e1n inscritas en el mecanismo.<\/p>\n<p class=\"sc-jWBwVP ghEFZV\">Sobre el aumento de familias interesadas en\u00a0<a href=\"https:\/\/www.sdpnoticias.com\/mexico\/federico-arreola-garcia-la-adopcion-de-samuel-garcia-y-mariana-rodriguez-fue-una-puntada-mas-y-vulneraron-los-derechos-de-un-menor-de-edad\/\" target=\"_blank\" rel=\"noopener\">\u201cadoptar\u201d a un ni\u00f1o<\/a>\u00a0en el estado de Nuevo Le\u00f3n, Mariana Rodr\u00edguez expuso que le informaron que fue luego de que en d\u00edas pasados\u00a0<b>comparti\u00f3 el link<\/b>\u00a0para realizar el proceso.<\/p>\n<p class=\"sc-jWBwVP ghEFZV\">De la misma forma, en sus historias Mariana Rodr\u00edguez explic\u00f3 que en total han sido 600 las solicitudes de familias, aunque de esa cantidad no todas pidieron inscribirse en el acogimiento familiar.<\/p>\n<h2 class=\"sc-cSYcjD fsTTHq\">\u00bfQu\u00e9 es el acogimiento familiar?<\/h2>\n<p class=\"sc-jWBwVP ghEFZV\">Cabe destacar que el programa de \u201cFamilias de Acogida\u201d, se trata de un programa del Sistema DIF Nuevo Le\u00f3n, que permite que familias brinden acogimiento a ni\u00f1as, ni\u00f1os y adolescentes.<\/p>\n<p class=\"sc-jWBwVP ghEFZV\">Sobre dicho mecanismo, el gobierno de Nuevo Le\u00f3n destaca que en caso de solicitarse y aprobarse, el acogimiento familiar\u00a0<b>no se lleva a cabo solo por un fin de semana<\/b>.<\/p>\n<p class=\"sc-jWBwVP ghEFZV\">En cambio, se explica que dura mientras las ni\u00f1as, ni\u00f1os y adolescente se reintegran a su familia de origen o cuando se establece un proyecto de vida en beneficio del desarrollo integral a largo plazo del ni\u00f1o.<\/p>\n<h2 class=\"sc-gjAXCV kWcYyt\">Mariana Rodr\u00edguez \u201cadopt\u00f3\u201d por un fin de semana a un beb\u00e9<\/h2>\n<p class=\"sc-jWBwVP ghEFZV\">El pasado fin de semana, Mariana Rodr\u00edguez y su esposo el gobernador, Samuel Garc\u00eda,\u00a0<b>\u201cadoptaron\u201d por un par de d\u00edas<\/b>\u00a0a un beb\u00e9 del DIF, aun cuando ninguno de los 2 est\u00e1 certificado en el programa Familias de Acogida.<\/p>\n<p class=\"sc-jWBwVP ghEFZV\">Debido a lo ocurrido, tanto Mariana Rodr\u00edguez como Samuel Garc\u00eda recibieron diversas cr\u00edticas y recomendaciones, pues se les acus\u00f3 de cosificar y revictimizar al beb\u00e9 que \u201cadoptaron\u201d.<\/p>\n<p class=\"sc-jWBwVP ghEFZV\"><a href=\"https:\/\/www.sdpnoticias.com\/estados\/nuevo-leon\/mariana-rodriguez-y-samuel-garcia-son-acusados-de-cosificar-a-ninos-en-adopcion\/\" target=\"_blank\" rel=\"noopener\">La Red por los Derechos de la Infancia en M\u00e9xico (Redim)<\/a>\u00a0acus\u00f3 que Mariana Rodr\u00edguez y Samuel Garc\u00eda incurrieron en la \u201cexposici\u00f3n excesiva e innecesaria\u201d del ni\u00f1o en las redes sociales.<\/p>\n<p class=\"sc-jWBwVP ghEFZV\">As\u00ed lo denunci\u00f3 debido a que la Ley general de derechos de ni\u00f1as y ni\u00f1os proh\u00edbe en sus art\u00edculos 68 y 80 \u201cla difusi\u00f3n de im\u00e1genes de ni\u00f1ez y se llama la atenci\u00f3n en especial cuando son v\u00edctimas\u201d.<\/p>\n<p><a href=\"https:\/\/www.sdpnoticias.com\/estados\/nuevo-leon\/mariana-rodriguez-presume-que-421-familias-quieren-adoptar-a-ninos-por-un-fin-de-semana\/?fbclid=IwAR0OeJ3OKS2d1HXmxQ5FHRaloumLyNGTqNTry_9nolP4H5c-pBRTI6WfRwI\">Fuente:\u00a0<\/a><\/p>\n","protected":false},"excerpt":{"rendered":"<p>Mariana Rodr\u00edguez dio a conocer que 421 familias quieren \u201cadoptar\u201d a ni\u00f1os de forma temporal en Nuevo Le\u00f3n, por medio del mecanismo de acogimiento familiar. Por medio de Instagram, Mariana Rodr\u00edguez comparti\u00f3 un par de historias en las que destac\u00f3 que est\u00e1 \u201cincre\u00edblemente contenta\u201d porque cientos de familias en\u00a0Nuevo Le\u00f3n\u00a0desean \u201dadoptar\u201d a ni\u00f1os. As\u00ed lo [&hellip;]<\/p>\n","protected":false},"author":4,"featured_media":982,"comment_status":"open","ping_status":"open","sticky":false,"template":"","format":"standard","meta":{"footnotes":""},"categories":[74,70],"tags":[],"class_list":["post-981","post","type-post","status-publish","format-standard","has-post-thumbnail","hentry","category-politica","category-tendencia"],"aioseo_notices":[],"_links":{"self":[{"href":"https:\/\/jaliscoopina.mx\/index.php\/wp-json\/wp\/v2\/posts\/981","targetHints":{"allow":["GET"]}}],"collection":[{"href":"https:\/\/jaliscoopina.mx\/index.php\/wp-json\/wp\/v2\/posts"}],"about":[{"href":"https:\/\/jaliscoopina.mx\/index.php\/wp-json\/wp\/v2\/types\/post"}],"author":[{"embeddable":true,"href":"https:\/\/jaliscoopina.mx\/index.php\/wp-json\/wp\/v2\/users\/4"}],"replies":[{"embeddable":true,"href":"https:\/\/jaliscoopina.mx\/index.php\/wp-json\/wp\/v2\/comments?post=981"}],"version-history":[{"count":1,"href":"https:\/\/jaliscoopina.mx\/index.php\/wp-json\/wp\/v2\/posts\/981\/revisions"}],"predecessor-version":[{"id":983,"href":"https:\/\/jaliscoopina.mx\/index.php\/wp-json\/wp\/v2\/posts\/981\/revisions\/983"}],"wp:featuredmedia":[{"embeddable":true,"href":"https:\/\/jaliscoopina.mx\/index.php\/wp-json\/wp\/v2\/media\/982"}],"wp:attachment":[{"href":"https:\/\/jaliscoopina.mx\/index.php\/wp-json\/wp\/v2\/media?parent=981"}],"wp:term":[{"taxonomy":"category","embeddable":true,"href":"https:\/\/jaliscoopina.mx\/index.php\/wp-json\/wp\/v2\/categories?post=981"},{"taxonomy":"post_tag","embeddable":true,"href":"https:\/\/jaliscoopina.mx\/index.php\/wp-json\/wp\/v2\/tags?post=981"}],"curies":[{"name":"wp","href":"https:\/\/api.w.org\/{rel}","templated":true}]}}