{"id":960,"date":"2022-01-14T01:50:11","date_gmt":"2022-01-14T01:50:11","guid":{"rendered":"https:\/\/jaliscoopina.mx\/?p=960"},"modified":"2022-01-14T01:50:11","modified_gmt":"2022-01-14T01:50:11","slug":"covid-insiste-30-horas-en-linea-para-pruebas-gratis-en-jalisco","status":"publish","type":"post","link":"https:\/\/jaliscoopina.mx\/index.php\/2022\/01\/14\/covid-insiste-30-horas-en-linea-para-pruebas-gratis-en-jalisco\/","title":{"rendered":"COVID: Insiste 30 horas en l\u00ednea para pruebas gratis en Jalisco"},"content":{"rendered":"<header class=\"news-header\">\n<div class=\"news-excerpt\">\n<p>Cuando le respondieron en Radar Jalisco a Ernesto \u00c1lvarez le comentaron que ya no hay citas por el alza de contagios<\/p>\n<\/div>\n<div class=\"clearfix\">\n<div class=\"news-line\"><time class=\"news-date\" datetime=\"2022-12-01T20:02-06:00\">12 de enero de 2022 &#8211; 20:02 hs<\/time><\/div>\n<\/div>\n<\/header>\n<div class=\"news-photogallery\">\n<div class=\"swiper-container swiper-container-horizontal no-pagination\">\n<div class=\"swiper-wrapper\">\n<figure class=\"swiper-slide swiper-slide-active\"><figcaption>Radar Jalisco realiza la toma de muestras en el Centro Universitario de Ciencias de la Salud. EFE<\/p>\n<\/figcaption><\/figure>\n<\/div>\n<\/div>\n<\/div>\n<div class=\"news-content\">\n<div class=\"news-body\">\n<p>Ernesto \u00c1lvarez inici\u00f3 con s\u00edntomas de COVID-19 el martes:<strong>\u00a0cansancio, dolor de cuerpo, fiebre y escurrimiento nasal<\/strong>. De inmediato avis\u00f3 en su trabajo para no asistir y aislarse, aunque sigue\u00a0laborando desde casa. En la empresa donde trabaja le pidieron que se realizara una prueba.<\/p>\n<p>Cont\u00f3 que ayer mismo llam\u00f3 tanto a la\u00a0<strong>l\u00ednea de Radar Jalisco 3335403001<\/strong>, como a la de la Secretar\u00eda de Salud Jalisco 3338233220, para agendar una cita para una de las pruebas gratuitas que hace el Estado, pero se llev\u00f3 una sorpresa.<\/p>\n<div class=\"div-pos-2\"><\/div>\n<ul>\n<li>\n<h2><a href=\"https:\/\/www.informador.mx\/jalisco\/COVID-Por-falta-de-pruebas-dejan-de-agendar-citas-en-Radar-Jalisco-20220112-0129.html\" target=\"_blank\" rel=\"noopener\"><strong>COVID: Por falta de pruebas, dejan de agendar citas en Radar Jalisco<\/strong><\/a><\/h2>\n<\/li>\n<\/ul>\n<p>Insisti\u00f3\u00a0<strong>durante casi 30 horas\u00a0<\/strong>en ambos tel\u00e9fonos, fueron decenas de llamadas desde las 11:00 horas de ayer hasta las 16:00 horas de hoy. Dijo que ni siquiera le enlazaba la llamada al principio. Cuando por fin le respondieron, le dijeron que ya no ten\u00edan pruebas porque que se hab\u00edan terminado debido a la demanda por el alza de contagios. Las citas ya estaban llenas al menos una semana.<\/p>\n<p>\u201cYa tengo s\u00edntomas, as\u00ed que ya estoy esperando s\u00f3lo a que pase la cuarentena porque es un riesgo presentarme al trabajo y me tuve que aislar\u201d.<\/p>\n<p>Refiri\u00f3 que pagar por una prueba no es una opci\u00f3n para \u00e9l porque\u00a0<strong>ser\u00eda un impacto para su econom\u00eda<\/strong> y tendr\u00eda que gastar dinero de su salario que no ten\u00eda contemplado, por lo que volver\u00e1 a llamar ma\u00f1ana porque le comentaron en Radar Jalisco que probablemente lleguen pruebas.<\/p>\n<p>\u00abNecesito que me confirmen en estos d\u00edas de la prueba para poder comprobar yo en el trabajo porque los costos de los laboratorios privados est\u00e1n por las nubes\u00bb, dijo.<\/p>\n<div id=\"standard_6\" class=\"st-placement standard_6 inArticle\"><\/div>\n<p>El gobernador inform\u00f3 que debido al alza de casos por \u00f3micron har\u00edan 2 mil 200 pruebas al d\u00eda en el Estado.<\/p>\n<p><a href=\"https:\/\/www.informador.mx\/jalisco\/COVID-Insiste-30-horas-en-linea-para-pruebas-gratis-en-Jalisco-20220112-0137.html\">Fuentes:<\/a><\/p>\n<\/div>\n<\/div>\n","protected":false},"excerpt":{"rendered":"<p>Cuando le respondieron en Radar Jalisco a Ernesto \u00c1lvarez le comentaron que ya no hay citas por el alza de contagios 12 de enero de 2022 &#8211; 20:02 hs Radar Jalisco realiza la toma de muestras en el Centro Universitario de Ciencias de la Salud. EFE Ernesto \u00c1lvarez inici\u00f3 con s\u00edntomas de COVID-19 el martes:\u00a0cansancio, [&hellip;]<\/p>\n","protected":false},"author":4,"featured_media":961,"comment_status":"open","ping_status":"open","sticky":false,"template":"","format":"standard","meta":{"footnotes":""},"categories":[60,52,59,45],"tags":[],"class_list":["post-960","post","type-post","status-publish","format-standard","has-post-thumbnail","hentry","category-covid-19","category-jalisco","category-medicina","category-ultimas-noticias"],"aioseo_notices":[],"_links":{"self":[{"href":"https:\/\/jaliscoopina.mx\/index.php\/wp-json\/wp\/v2\/posts\/960","targetHints":{"allow":["GET"]}}],"collection":[{"href":"https:\/\/jaliscoopina.mx\/index.php\/wp-json\/wp\/v2\/posts"}],"about":[{"href":"https:\/\/jaliscoopina.mx\/index.php\/wp-json\/wp\/v2\/types\/post"}],"author":[{"embeddable":true,"href":"https:\/\/jaliscoopina.mx\/index.php\/wp-json\/wp\/v2\/users\/4"}],"replies":[{"embeddable":true,"href":"https:\/\/jaliscoopina.mx\/index.php\/wp-json\/wp\/v2\/comments?post=960"}],"version-history":[{"count":1,"href":"https:\/\/jaliscoopina.mx\/index.php\/wp-json\/wp\/v2\/posts\/960\/revisions"}],"predecessor-version":[{"id":962,"href":"https:\/\/jaliscoopina.mx\/index.php\/wp-json\/wp\/v2\/posts\/960\/revisions\/962"}],"wp:featuredmedia":[{"embeddable":true,"href":"https:\/\/jaliscoopina.mx\/index.php\/wp-json\/wp\/v2\/media\/961"}],"wp:attachment":[{"href":"https:\/\/jaliscoopina.mx\/index.php\/wp-json\/wp\/v2\/media?parent=960"}],"wp:term":[{"taxonomy":"category","embeddable":true,"href":"https:\/\/jaliscoopina.mx\/index.php\/wp-json\/wp\/v2\/categories?post=960"},{"taxonomy":"post_tag","embeddable":true,"href":"https:\/\/jaliscoopina.mx\/index.php\/wp-json\/wp\/v2\/tags?post=960"}],"curies":[{"name":"wp","href":"https:\/\/api.w.org\/{rel}","templated":true}]}}