{"id":894,"date":"2022-01-03T18:20:46","date_gmt":"2022-01-03T18:20:46","guid":{"rendered":"https:\/\/jaliscoopina.mx\/?p=894"},"modified":"2022-01-03T18:20:46","modified_gmt":"2022-01-03T18:20:46","slug":"desde-2013-senor-arbol-planta-mil-259-ejemplares-en-la-zmg","status":"publish","type":"post","link":"https:\/\/jaliscoopina.mx\/index.php\/2022\/01\/03\/desde-2013-senor-arbol-planta-mil-259-ejemplares-en-la-zmg\/","title":{"rendered":"Desde 2013, Se\u00f1or \u00c1rbol planta mil 259 ejemplares en la ZMG"},"content":{"rendered":"<header class=\"news-header\">\n<div class=\"news-excerpt\">\n<p>Han sido al rededor de 1,259 \u00e1rboles plantados por este ciudadano<\/p>\n<\/div>\n<div class=\"clearfix\">\n<div class=\"news-line\">\n<p class=\"news-author\">Por:\u00a0El Informador<\/p>\n<p><time class=\"news-date\" datetime=\"2022-03-01T03:25-06:00\">3 de enero de 2022 &#8211; 03:25 hs<\/time><\/div>\n<\/div>\n<\/header>\n<div class=\"news-photogallery\">\n<div class=\"swiper-container swiper-container-horizontal no-pagination\">\n<div class=\"swiper-wrapper\">\n<figure class=\"swiper-slide swiper-slide-active\">\n<div class=\"cover-image\"><\/div><figcaption>ENTREGA. Hace unos d\u00edas, \u00d3scar Alfredo Hern\u00e1ndez, el Se\u00f1or \u00c1rbol, coloc\u00f3 el ejemplar mil 259 en la ciudad, el \u00faltimo de 2021. Lo puso en Avenida Revoluci\u00f3n, a unos pasos del Templo de San Francisco. Este a\u00f1o su objetivo es sembrar 200 m\u00e1s. El Informador\/ A. Camacho<\/p>\n<\/figcaption><\/figure>\n<\/div>\n<\/div>\n<\/div>\n<div class=\"news-content\">\n<div class=\"news-body\">\n<div id=\"infinite-ad-0-1\" class=\"banner bnr-bb\" data-google-query-id=\"COi1x4SMlvUCFQrDwAodK3wJnw\">\n<div id=\"google_ads_iframe_\/1001694\/IN_MR_DET_1_0__container__\"><\/div>\n<\/div>\n<p>\u00d3scar Alfredo Hern\u00e1ndez, el Se\u00f1or \u00c1rbol,\u00a0<strong>ha tratado de bajar la poluci\u00f3n en la Zona Metropolitana de Guadalajara (ZMG) con la plantaci\u00f3n de diversos ejemplares<\/strong>. Entre 2013 y 2021 sum\u00f3 mil 259. El \u00faltimo lo puso hace unos d\u00edas en el Centro tapat\u00edo.<\/p>\n<p>Hern\u00e1ndez cont\u00f3 que un d\u00eda en un noticiario televisivo observ\u00f3 que en China y la India hab\u00eda \u201cuna contaminaci\u00f3n espantosa\u201d. Sin embargo, \u201cGuadalajara no era la excepci\u00f3n\u201d.<\/p>\n<div class=\"div-pos-2\">\n<div class=\"teads-adCall\"><\/div>\n<\/div>\n<ul>\n<li>\n<h3><a href=\"https:\/\/www.informador.mx\/jalisco\/Violencia-familiar-en-Estado-la-mas-alta-en-cinco-anos-20220103-0032.html\" target=\"_blank\" rel=\"noopener\">Violencia familiar en Estado, la m\u00e1s alta en cinco a\u00f1os<\/a><\/h3>\n<\/li>\n<\/ul>\n<p>\u201cYo me hice el prop\u00f3sito, en febrero de 2013, de llevar bit\u00e1cora con fotograf\u00eda y control. Ya llevo hasta ahora mil 259 \u00e1rboles. Es un gusto, una alegr\u00eda\u201d, coment\u00f3.<\/p>\n<div class=\" b2\">\n<div id=\"infinite-ad-0-2\" class=\"banner bnr-bb\" data-google-query-id=\"COm1x4SMlvUCFQrDwAodK3wJnw\">\n<div id=\"google_ads_iframe_\/1001694\/IN_MR_DET_2_0__container__\"><\/div>\n<\/div>\n<\/div>\n<p>El Se\u00f1or \u00c1rbol, de 73 a\u00f1os, actualmente es pensionado.<\/p>\n<p><strong>La mayor parte del dinero para sembrar los ejemplares sali\u00f3 de su bolsillo<\/strong>.<\/p>\n<p>Comparti\u00f3 que adem\u00e1s de colocar los \u00e1rboles en la metr\u00f3poli, los riega y les pone fertilizantes. \u201cPrefiero hacer bien las cosas o no las hago\u201d, agreg\u00f3.<\/p>\n<div id=\"standard_6\" class=\"st-placement standard_6 inArticle\"><\/div>\n<p>En este a\u00f1o, Hern\u00e1ndez piensa acumular 200 m\u00e1s.<\/p>\n<div class=\"div-pos-7\">\n<div class=\"teads-adCall\"><\/div>\n<\/div>\n<p>\u201cLo \u00fanico que yo persigo con plantar \u00e1rboles es dejar un legado, que mucha gente siga mi ejemplo\u201d, afirm\u00f3.<\/p>\n<p>Hace un par de semanas, esta casa editorial public\u00f3 que del 1 de enero al 16 de diciembre de 2021 hubo 57 episodios graves de mala calidad del aire en la ciudad. Se trat\u00f3 de un aumento de cinco veces comparado con los 11 eventos registrados en 2020.<\/p>\n<p><strong>Esto signific\u00f3 que en esos d\u00edas se superaron los 120 puntos del \u00cdndice Metropolitano de la Calidad del Aire (Imeca). Se activaron desde\u00a0precontingencias\u00a0atmosf\u00e9ricas hasta contingencias fase\u00a0III<\/strong>.<\/p>\n<p>El contaminante que predomin\u00f3 en todos los episodios fueron las part\u00edculas menores a 10 micras (PM10), que se generan principalmente por procesos de combusti\u00f3n como el di\u00e9sel y la gasolina durante las horas de tr\u00e1fico, las quemas de predios r\u00fasticos y agr\u00edcolas, as\u00ed como las suspensi\u00f3n de polvos en las calles.<\/p>\n<p><a href=\"https:\/\/www.informador.mx\/jalisco\/Desde-2013-Senor-Arbol-planta-mil-259-ejemplares-en-la-ZMG-20220103-0033.html\">Fuentes:<\/a><\/p>\n<\/div>\n<\/div>\n","protected":false},"excerpt":{"rendered":"<p>Han sido al rededor de 1,259 \u00e1rboles plantados por este ciudadano Por:\u00a0El Informador 3 de enero de 2022 &#8211; 03:25 hs ENTREGA. Hace unos d\u00edas, \u00d3scar Alfredo Hern\u00e1ndez, el Se\u00f1or \u00c1rbol, coloc\u00f3 el ejemplar mil 259 en la ciudad, el \u00faltimo de 2021. Lo puso en Avenida Revoluci\u00f3n, a unos pasos del Templo de San [&hellip;]<\/p>\n","protected":false},"author":4,"featured_media":895,"comment_status":"open","ping_status":"open","sticky":false,"template":"","format":"standard","meta":{"footnotes":""},"categories":[51,47,52,61,45],"tags":[],"class_list":["post-894","post","type-post","status-publish","format-standard","has-post-thumbnail","hentry","category-cultura","category-guadalajara","category-jalisco","category-medio-ambiente","category-ultimas-noticias"],"aioseo_notices":[],"_links":{"self":[{"href":"https:\/\/jaliscoopina.mx\/index.php\/wp-json\/wp\/v2\/posts\/894","targetHints":{"allow":["GET"]}}],"collection":[{"href":"https:\/\/jaliscoopina.mx\/index.php\/wp-json\/wp\/v2\/posts"}],"about":[{"href":"https:\/\/jaliscoopina.mx\/index.php\/wp-json\/wp\/v2\/types\/post"}],"author":[{"embeddable":true,"href":"https:\/\/jaliscoopina.mx\/index.php\/wp-json\/wp\/v2\/users\/4"}],"replies":[{"embeddable":true,"href":"https:\/\/jaliscoopina.mx\/index.php\/wp-json\/wp\/v2\/comments?post=894"}],"version-history":[{"count":1,"href":"https:\/\/jaliscoopina.mx\/index.php\/wp-json\/wp\/v2\/posts\/894\/revisions"}],"predecessor-version":[{"id":896,"href":"https:\/\/jaliscoopina.mx\/index.php\/wp-json\/wp\/v2\/posts\/894\/revisions\/896"}],"wp:featuredmedia":[{"embeddable":true,"href":"https:\/\/jaliscoopina.mx\/index.php\/wp-json\/wp\/v2\/media\/895"}],"wp:attachment":[{"href":"https:\/\/jaliscoopina.mx\/index.php\/wp-json\/wp\/v2\/media?parent=894"}],"wp:term":[{"taxonomy":"category","embeddable":true,"href":"https:\/\/jaliscoopina.mx\/index.php\/wp-json\/wp\/v2\/categories?post=894"},{"taxonomy":"post_tag","embeddable":true,"href":"https:\/\/jaliscoopina.mx\/index.php\/wp-json\/wp\/v2\/tags?post=894"}],"curies":[{"name":"wp","href":"https:\/\/api.w.org\/{rel}","templated":true}]}}