{"id":881,"date":"2021-12-31T18:23:33","date_gmt":"2021-12-31T18:23:33","guid":{"rendered":"https:\/\/jaliscoopina.mx\/?p=881"},"modified":"2021-12-31T18:23:33","modified_gmt":"2021-12-31T18:23:33","slug":"jalisco-cierra-ano-con-alza-de-covid-19","status":"publish","type":"post","link":"https:\/\/jaliscoopina.mx\/index.php\/2021\/12\/31\/jalisco-cierra-ano-con-alza-de-covid-19\/","title":{"rendered":"Jalisco cierra a\u00f1o con alza de COVID-19"},"content":{"rendered":"<header class=\"news-header\">\n<div class=\"news-excerpt\">\n<p>Seg\u00fan el Gobierno estatal, hasta ayer se registraron dos mil 029 casos activos; en julio pasado eran alrededor de mil 400\n<\/p><\/div>\n<div class=\"clearfix\">\n<div class=\"news-line\">\n<p class=\"news-author\">Por:\u00a0El Informador<\/p>\n<p><time class=\"news-date\" datetime=\"2021-30-12T05:10-06:00\">30 de diciembre de 2021 &#8211; 05:10 hs<\/time><\/div>\n<\/div>\n<\/header>\n<div class=\"news-photogallery\">\n<div class=\"swiper-container swiper-container-horizontal no-pagination\">\n<div class=\"swiper-wrapper\">\n<figure class=\"swiper-slide swiper-slide-active\"><figcaption>Pese a que en diversos pa\u00edses los casos de la variante \u00f3micron est\u00e1n en aumento, el secretario de Salud en Jalisco, Fernando Petersen, dijo que en el Estado a\u00fan no se ha detectado la presencia de la nueva cepa. EL INFORMADOR\/A. Camacho<\/p>\n<\/figcaption><\/figure>\n<\/div>\n<\/div>\n<\/div>\n<div class=\"news-content\">\n<div class=\"news-body\">\n<p>Los casos de COVID-19 van al alza en Jalisco y este mes los indicadores ya est\u00e1n por encima de lo registrado en julio, cuando comenz\u00f3 la tercera ola.<\/p>\n<p>Seg\u00fan el Gobierno estatal,\u00a0<strong>hasta ayer se documentaron dos mil 029 casos activos.<\/strong><\/p>\n<div id=\"standard_5\" class=\"st-placement standard_5 inArticle\"><\/div>\n<div id=\"teads_ad\">\n<div id=\"div-gpt-ad-1548262875188-0\" data-google-query-id=\"CL2tzO7QjvUCFVs8AQoddiMO3A\">\n<div id=\"google_ads_iframe_\/1001694\/INF_intext_1_0__container__\"><\/div>\n<\/div>\n<\/div>\n<p>Carlos Alonso Reynoso, epidemi\u00f3logo de la Universidad de Guadalajara (UdeG), se\u00f1al\u00f3 que, con respecto a lo que ocurre en otros pa\u00edses, se puede esperar que\u00a0<strong>cuando arriba de 80% de los casos en la Entidad sean por la variante \u00f3micron, haya un incremento acelerado en las infecciones.<\/strong><\/p>\n<ul>\n<li><\/li>\n<\/ul>\n<p><strong>Record\u00f3 que los vacunados y quienes ya padecieron la enfermedad tambi\u00e9n se pueden contagiar.<\/strong><\/p>\n<p>El secretario de Salud en Jalisco, Fernando Petersen, destac\u00f3 que si bien en el Estado los casos activos crecen, a\u00fan no se ha detectado la presencia de la nueva cepa entre los jaliscienses.<\/p>\n<div id=\"infinite-ad-0-3\" class=\"banner bnr-bb\" data-google-query-id=\"CMStzO7QjvUCFVs8AQoddiMO3A\">\n<div id=\"google_ads_iframe_\/1001694\/IN_MR_DET_3_0__container__\"><\/div>\n<\/div>\n<p>\u201c\u00d3micron, como se sabe, es una variante que tiene mayor infectabilidad, es decir, su transmisi\u00f3n es mucho m\u00e1s r\u00e1pida y eso se debe a que la tasa de reproducci\u00f3n es mucho mayor que con las otras\u201d, dijo.<\/p>\n<div id=\"standard_6\" class=\"st-placement standard_6 inArticle\"><\/div>\n<p>El funcionario record\u00f3 que anteriormente se llegaron a tener entre mil 500 y mil 600 casos activos en Jalisco, por lo que en estos d\u00edas se ha disparado esa cifra.<\/p>\n<p>La Organizaci\u00f3n Mundial de la Salud (OMS) alert\u00f3 sobre el\u00a0<strong>\u201ctsunami\u201d de nuevos casos<\/strong>\u00a0ligados a la variante \u00f3micron y pidi\u00f3 que se extremen las medidas sanitarias para frenar los contagios.<\/p>\n<p>Por otra parte, el gobernador de Jalisco anunci\u00f3 ayer la cancelaci\u00f3n de las actividades por los festejos de A\u00f1o Nuevo en el Centro tapat\u00edo. Se ten\u00eda previsto llevar a cabo un concierto,\u00a0<em>videomapping<\/em>\u00a0de conteo regresivo y pirotecnia.<\/p>\n<p><strong>#ElCoronavirusNoPasa<\/strong><\/p>\n<p>Entre los pasos clave que recomienda la Organizaci\u00f3n Panamericana de la Salud (OPS) para combatir el COVID-19 destaca la distancia. La OPS pide a las personas a que mantengan m\u00ednimo un metro de distancia cuando hablen con otros.<\/p>\n<p><a href=\"https:\/\/www.informador.mx\/jalisco\/Jalisco-cierra-ano-con-alza-de-COVID-19-20211230-0031.html\">Fuentes:<\/a><\/p>\n<\/div>\n<\/div>\n","protected":false},"excerpt":{"rendered":"<p>Seg\u00fan el Gobierno estatal, hasta ayer se registraron dos mil 029 casos activos; en julio pasado eran alrededor de mil 400 Por:\u00a0El Informador 30 de diciembre de 2021 &#8211; 05:10 hs Pese a que en diversos pa\u00edses los casos de la variante \u00f3micron est\u00e1n en aumento, el secretario de Salud en Jalisco, Fernando Petersen, dijo [&hellip;]<\/p>\n","protected":false},"author":4,"featured_media":882,"comment_status":"open","ping_status":"open","sticky":false,"template":"","format":"standard","meta":{"footnotes":""},"categories":[60,49,52,45],"tags":[],"class_list":["post-881","post","type-post","status-publish","format-standard","has-post-thumbnail","hentry","category-covid-19","category-entretenimiento","category-jalisco","category-ultimas-noticias"],"aioseo_notices":[],"_links":{"self":[{"href":"https:\/\/jaliscoopina.mx\/index.php\/wp-json\/wp\/v2\/posts\/881","targetHints":{"allow":["GET"]}}],"collection":[{"href":"https:\/\/jaliscoopina.mx\/index.php\/wp-json\/wp\/v2\/posts"}],"about":[{"href":"https:\/\/jaliscoopina.mx\/index.php\/wp-json\/wp\/v2\/types\/post"}],"author":[{"embeddable":true,"href":"https:\/\/jaliscoopina.mx\/index.php\/wp-json\/wp\/v2\/users\/4"}],"replies":[{"embeddable":true,"href":"https:\/\/jaliscoopina.mx\/index.php\/wp-json\/wp\/v2\/comments?post=881"}],"version-history":[{"count":1,"href":"https:\/\/jaliscoopina.mx\/index.php\/wp-json\/wp\/v2\/posts\/881\/revisions"}],"predecessor-version":[{"id":883,"href":"https:\/\/jaliscoopina.mx\/index.php\/wp-json\/wp\/v2\/posts\/881\/revisions\/883"}],"wp:featuredmedia":[{"embeddable":true,"href":"https:\/\/jaliscoopina.mx\/index.php\/wp-json\/wp\/v2\/media\/882"}],"wp:attachment":[{"href":"https:\/\/jaliscoopina.mx\/index.php\/wp-json\/wp\/v2\/media?parent=881"}],"wp:term":[{"taxonomy":"category","embeddable":true,"href":"https:\/\/jaliscoopina.mx\/index.php\/wp-json\/wp\/v2\/categories?post=881"},{"taxonomy":"post_tag","embeddable":true,"href":"https:\/\/jaliscoopina.mx\/index.php\/wp-json\/wp\/v2\/tags?post=881"}],"curies":[{"name":"wp","href":"https:\/\/api.w.org\/{rel}","templated":true}]}}