{"id":828,"date":"2021-11-26T17:54:18","date_gmt":"2021-11-26T17:54:18","guid":{"rendered":"https:\/\/jaliscoopina.mx\/?p=828"},"modified":"2021-11-26T17:54:18","modified_gmt":"2021-11-26T17:54:18","slug":"preven-cierre-en-tramo-de-acueducto-por-obras-en-bosque-pedagogico","status":"publish","type":"post","link":"https:\/\/jaliscoopina.mx\/index.php\/2021\/11\/26\/preven-cierre-en-tramo-de-acueducto-por-obras-en-bosque-pedagogico\/","title":{"rendered":"Prev\u00e9n cierre en tramo de Acueducto por obras en Bosque Pedag\u00f3gico"},"content":{"rendered":"<header class=\"news-header\">\n<h1 class=\"news-title\"><span style=\"color: #636363; font-family: Lato, 'Helvetica Neue', helvetica, arial, sans-serif; font-size: 15px;\">El Ayuntamiento de Zapopan realizar\u00e1 el montaje de una estructura<\/span><\/h1>\n<div class=\"clearfix\">\n<div class=\"news-line\">\n<p class=\"news-author\">Por:\u00a0<a title=\" Redacci\u00f3n Digital . \" href=\"https:\/\/www.informador.mx\/staff\/web\">Redacci\u00f3n Digital .<\/a><\/p>\n<p><time class=\"news-date\" datetime=\"2021-25-11T19:41-06:00\">25 de noviembre de 2021 &#8211; 19:41 hs<\/time><\/div>\n<\/div>\n<\/header>\n<div class=\"news-photogallery\">\n<div class=\"swiper-container swiper-container-horizontal no-pagination\">\n<div class=\"swiper-wrapper\">\n<figure class=\"swiper-slide swiper-slide-active\">\n<div class=\"cover-image\"><\/div><figcaption>Los trabajos comenzar\u00e1n el 3 de diciembre. EFE\/ARCHIVO<\/p>\n<\/figcaption><\/figure>\n<\/div>\n<\/div>\n<\/div>\n<div class=\"news-content\">\n<div class=\"news-body\">\n<p>Debido a obras, se prev\u00e9 el\u00a0<strong>cierre de un tramo de avenida Acueducto\u00a0<\/strong>frente al Bosque Pedag\u00f3gico del Agua, en Zapopan,<\/p>\n<p>La Direcci\u00f3n de Obras P\u00fablicas e Infraestructura del Ayuntamiento de\u00a0Zapopan tiene programadas obras de\u00a0<strong>montaje de una estructura<\/strong>\u00a0para la conexi\u00f3n peatonal para el\u00a0<strong><a href=\"https:\/\/www.informador.mx\/jalisco\/Presentan-proyecto-de-transformacion-del-Bosque-Pedagogico-del-Agua-Colomos-III-20200603-0119.html\" target=\"_blank\" rel=\"noopener\">Bosque Pedag\u00f3gico del Agua<\/a><\/strong>, cercano al Perif\u00e9rico, por lo que se requiere un cierre total en el punto.<\/p>\n<p>Los trabajos comenzar\u00e1n el 3 de diciembre de 2021 a las 8:00 PM y se prev\u00e9 concluirlos el 5 de diciembre a las 10:00 PM, \u00a0efectuando retornos estrat\u00e9gicos para no se vea afectado el tr\u00e1nsito vehicular local.<\/p>\n<\/div>\n<\/div>\n<p><a href=\"https:\/\/www.informador.mx\/jalisco\/Preven-cierre-en-tramo-de-Acueducto-por-obras-en-Bosque-Pedagogico--20211125-0119.html\">Fuentes<\/a><\/p>\n","protected":false},"excerpt":{"rendered":"<p>El Ayuntamiento de Zapopan realizar\u00e1 el montaje de una estructura Por:\u00a0Redacci\u00f3n Digital . 25 de noviembre de 2021 &#8211; 19:41 hs Los trabajos comenzar\u00e1n el 3 de diciembre. EFE\/ARCHIVO Debido a obras, se prev\u00e9 el\u00a0cierre de un tramo de avenida Acueducto\u00a0frente al Bosque Pedag\u00f3gico del Agua, en Zapopan, La Direcci\u00f3n de Obras P\u00fablicas e Infraestructura [&hellip;]<\/p>\n","protected":false},"author":4,"featured_media":829,"comment_status":"open","ping_status":"open","sticky":false,"template":"","format":"standard","meta":{"footnotes":""},"categories":[68,61,45],"tags":[],"class_list":["post-828","post","type-post","status-publish","format-standard","has-post-thumbnail","hentry","category-economia","category-medio-ambiente","category-ultimas-noticias"],"aioseo_notices":[],"_links":{"self":[{"href":"https:\/\/jaliscoopina.mx\/index.php\/wp-json\/wp\/v2\/posts\/828","targetHints":{"allow":["GET"]}}],"collection":[{"href":"https:\/\/jaliscoopina.mx\/index.php\/wp-json\/wp\/v2\/posts"}],"about":[{"href":"https:\/\/jaliscoopina.mx\/index.php\/wp-json\/wp\/v2\/types\/post"}],"author":[{"embeddable":true,"href":"https:\/\/jaliscoopina.mx\/index.php\/wp-json\/wp\/v2\/users\/4"}],"replies":[{"embeddable":true,"href":"https:\/\/jaliscoopina.mx\/index.php\/wp-json\/wp\/v2\/comments?post=828"}],"version-history":[{"count":1,"href":"https:\/\/jaliscoopina.mx\/index.php\/wp-json\/wp\/v2\/posts\/828\/revisions"}],"predecessor-version":[{"id":830,"href":"https:\/\/jaliscoopina.mx\/index.php\/wp-json\/wp\/v2\/posts\/828\/revisions\/830"}],"wp:featuredmedia":[{"embeddable":true,"href":"https:\/\/jaliscoopina.mx\/index.php\/wp-json\/wp\/v2\/media\/829"}],"wp:attachment":[{"href":"https:\/\/jaliscoopina.mx\/index.php\/wp-json\/wp\/v2\/media?parent=828"}],"wp:term":[{"taxonomy":"category","embeddable":true,"href":"https:\/\/jaliscoopina.mx\/index.php\/wp-json\/wp\/v2\/categories?post=828"},{"taxonomy":"post_tag","embeddable":true,"href":"https:\/\/jaliscoopina.mx\/index.php\/wp-json\/wp\/v2\/tags?post=828"}],"curies":[{"name":"wp","href":"https:\/\/api.w.org\/{rel}","templated":true}]}}