{"id":821,"date":"2021-11-17T19:31:57","date_gmt":"2021-11-17T19:31:57","guid":{"rendered":"https:\/\/jaliscoopina.mx\/?p=821"},"modified":"2021-11-17T19:31:57","modified_gmt":"2021-11-17T19:31:57","slug":"detienen-a-esposa-del-mencho-en-zapopan","status":"publish","type":"post","link":"https:\/\/jaliscoopina.mx\/index.php\/2021\/11\/17\/detienen-a-esposa-del-mencho-en-zapopan\/","title":{"rendered":"Detienen a esposa del \u00abMencho\u00bb en Zapopan"},"content":{"rendered":"<p>La Sedena report\u00f3 que cumpliment\u00f3 una orden de aprehensi\u00f3n en contra de Rosalinda \u00abN\u00bb por diversos delitos<\/p>\n<header class=\"news-header\">\n<div class=\"clearfix\">\n<div class=\"news-line\">\n<p class=\"news-author\">Por:\u00a0El Informador<\/p>\n<p><time class=\"news-date\" datetime=\"2021-16-11T09:27-06:00\">16 de noviembre de 2021 &#8211; 09:27 hs<\/time><\/div>\n<\/div>\n<\/header>\n<div class=\"news-photogallery\">\n<div class=\"swiper-container swiper-container-horizontal no-pagination\">\n<div class=\"swiper-wrapper\">\n<figure class=\"swiper-slide swiper-slide-active\">\n<div class=\"cover-image\">\n<div id=\"standard_1\" class=\"st-placement standard_1 inImage\">\n<div class=\"st-adunit st-reset st-show\">\n<div class=\"st-adunit-ad st-reset\">\n<div class=\"st-display-render st-reset\">\n<div class=\"st-reset\">\n<div class=\"important-styled st-canvas-container open Billboard_970x300 display-standard fssquz2\">\n<div class=\"important-styled st-canvas-el fhxwyqa\">\n<div class=\"important-styled st-canvas-container undefined fssquz2\">\n<div class=\"important-styled st-canvas-el f1m679mi\">\n<div class=\"important-styled st-canvas-container undefined fssquz2\">\n<div class=\"important-styled st-canvas-el f1nfnbdl\">\n<div class=\"important-styled display-render x-to-close f9k8010\"><\/div>\n<\/div>\n<\/div>\n<\/div>\n<\/div>\n<\/div>\n<\/div>\n<\/div>\n<\/div>\n<\/div>\n<\/div>\n<\/div>\n<\/div><figcaption>La detenci\u00f3n, seg\u00fan la Sedena, se llev\u00f3 a cabo en cumplimento de una orden de aprehensi\u00f3n emitida por diversos delitos. EFE \/ ARCHIVO<\/p>\n<\/figcaption><\/figure>\n<\/div>\n<\/div>\n<\/div>\n<div class=\"news-content\">\n<div class=\"news-body\">\n<p>Rosalinda \u00abN\u00bb, esposa de Nemesio Oseguera Cervantes \u00abEl Mencho\u00bb, fue detenida por segunda ocasi\u00f3n en el municipio de Zapopan\u00a0<strong>por ser se\u00f1alada como integrante de la delincuencia organizada en Jalisco.<\/strong>\u00a0La aprehensi\u00f3n se llev\u00f3 a cabo\u00a0<strong>en la colonia Jardines de Guadalupe<\/strong>.<\/p>\n<p>As\u00ed lo inform\u00f3 este martes la Secretar\u00eda de la Defensa Nacional a trav\u00e9s de un comunicado de prensa, quien dio a conocer que Rosalinda \u00abN\u00bb fue detenida este lunes 15 de noviembre por personal del Ej\u00e9rcito Mexicano, en colaboraci\u00f3n con la Fiscal\u00eda General de la Rep\u00fablica (FGR) y coordinaci\u00f3n con el Centro Nacional de Inteligencia (CNI), lo cual representa\u00a0<strong>\u00abun golpe significativo para la estructura financiera de la delincuencia organizada en Jalisco\u00bb.<\/strong><\/p>\n<p>La detenci\u00f3n, dijo, se llev\u00f3 a cabo en cumplimento de una orden de aprehensi\u00f3n emitida por diversos delitos,\u00a0<strong>al relacion\u00e1rsele con la operaci\u00f3n financiera il\u00edcita de un grupo de la delincuencia organizada.<\/strong><\/p>\n<\/div>\n<\/div>\n<p><a href=\"https:\/\/www.informador.mx\/jalisco\/Detienen-a-Rosalinda-N-esposa-del-Mencho-lider-del-cartel-Nueva-Generacion-20211116-0056.html\">Fuentes<\/a><\/p>\n","protected":false},"excerpt":{"rendered":"<p>La Sedena report\u00f3 que cumpliment\u00f3 una orden de aprehensi\u00f3n en contra de Rosalinda \u00abN\u00bb por diversos delitos Por:\u00a0El Informador 16 de noviembre de 2021 &#8211; 09:27 hs La detenci\u00f3n, seg\u00fan la Sedena, se llev\u00f3 a cabo en cumplimento de una orden de aprehensi\u00f3n emitida por diversos delitos. EFE \/ ARCHIVO Rosalinda \u00abN\u00bb, esposa de Nemesio [&hellip;]<\/p>\n","protected":false},"author":4,"featured_media":822,"comment_status":"open","ping_status":"open","sticky":false,"template":"","format":"standard","meta":{"footnotes":""},"categories":[52,64,70,45],"tags":[],"class_list":["post-821","post","type-post","status-publish","format-standard","has-post-thumbnail","hentry","category-jalisco","category-seguridad","category-tendencia","category-ultimas-noticias"],"aioseo_notices":[],"_links":{"self":[{"href":"https:\/\/jaliscoopina.mx\/index.php\/wp-json\/wp\/v2\/posts\/821","targetHints":{"allow":["GET"]}}],"collection":[{"href":"https:\/\/jaliscoopina.mx\/index.php\/wp-json\/wp\/v2\/posts"}],"about":[{"href":"https:\/\/jaliscoopina.mx\/index.php\/wp-json\/wp\/v2\/types\/post"}],"author":[{"embeddable":true,"href":"https:\/\/jaliscoopina.mx\/index.php\/wp-json\/wp\/v2\/users\/4"}],"replies":[{"embeddable":true,"href":"https:\/\/jaliscoopina.mx\/index.php\/wp-json\/wp\/v2\/comments?post=821"}],"version-history":[{"count":1,"href":"https:\/\/jaliscoopina.mx\/index.php\/wp-json\/wp\/v2\/posts\/821\/revisions"}],"predecessor-version":[{"id":823,"href":"https:\/\/jaliscoopina.mx\/index.php\/wp-json\/wp\/v2\/posts\/821\/revisions\/823"}],"wp:featuredmedia":[{"embeddable":true,"href":"https:\/\/jaliscoopina.mx\/index.php\/wp-json\/wp\/v2\/media\/822"}],"wp:attachment":[{"href":"https:\/\/jaliscoopina.mx\/index.php\/wp-json\/wp\/v2\/media?parent=821"}],"wp:term":[{"taxonomy":"category","embeddable":true,"href":"https:\/\/jaliscoopina.mx\/index.php\/wp-json\/wp\/v2\/categories?post=821"},{"taxonomy":"post_tag","embeddable":true,"href":"https:\/\/jaliscoopina.mx\/index.php\/wp-json\/wp\/v2\/tags?post=821"}],"curies":[{"name":"wp","href":"https:\/\/api.w.org\/{rel}","templated":true}]}}