{"id":810,"date":"2021-11-16T15:02:07","date_gmt":"2021-11-16T15:02:07","guid":{"rendered":"https:\/\/jaliscoopina.mx\/?p=810"},"modified":"2021-11-16T15:02:07","modified_gmt":"2021-11-16T15:02:07","slug":"elecciones-tlaquepaque-candidatos-culpan-de-inseguridad-a-partidos-de-oponentes","status":"publish","type":"post","link":"https:\/\/jaliscoopina.mx\/index.php\/2021\/11\/16\/elecciones-tlaquepaque-candidatos-culpan-de-inseguridad-a-partidos-de-oponentes\/","title":{"rendered":"Elecciones Tlaquepaque: Candidatos culpan de inseguridad a partidos de oponentes"},"content":{"rendered":"<header class=\"news-header\">\n<h1 class=\"news-title\"><span style=\"color: #636363; font-family: Lato, 'Helvetica Neue', helvetica, arial, sans-serif; font-size: 15px;\">Candidatos expresan sus posturas rumbo a las elecciones extraordinarias del 21 de noviembre<\/span><\/h1>\n<div class=\"clearfix\">\n<div class=\"news-line\">\n<p class=\"news-author\">Por:\u00a0Ernesto G\u00f3mez<\/p>\n<p><time class=\"news-date\" datetime=\"2021-14-11T15:25-06:00\">14 de noviembre de 2021 &#8211; 15:25 hs<\/time><\/div>\n<\/div>\n<\/header>\n<div class=\"news-photogallery\">\n<div class=\"swiper-container swiper-container-horizontal no-pagination\">\n<div class=\"swiper-wrapper\">\n<figure class=\"swiper-slide swiper-slide-active\">\n<div class=\"cover-image\"><\/div><figcaption>El debate entre los candidatos a la presidencia municipal de Tlaquepaque fue televisado. EL INFORMADOR\/G. Gallo<\/p>\n<\/figcaption><\/figure>\n<\/div>\n<\/div>\n<\/div>\n<div class=\"news-content\">\n<div class=\"news-body\">\n<p>En el\u00a0<strong>debate<\/strong>\u00a0para las elecciones extraordinarias de Tlaquepaque del 21 de noviembre, entre los\u00a0<strong>nueve candidatos<\/strong>\u00a0que asistieron se echaron la culpa de la actual inseguridad que atraviesa el municipio.<\/p>\n<p><strong>Citlalli Amaya,<\/strong>\u00a0candidata de Movimiento Ciudadano, se\u00f1al\u00f3 que la violencia y falta de seguridad en la ex Villa Alfarera es por\u00a0<strong>culpa del Gobierno federal<\/strong>, que es de l\u00ednea del partido Morena, del cual es el\u00a0Presidente de la Rep\u00fablica, Andr\u00e9s Manuel L\u00f3pez Obrador (AMLO).<\/p>\n<p>\u201cA nosotros nos toca la parte preventiva, aun as\u00ed los gobiernos de Movimiento Ciudadano en el 2019 dieron a la Guardia Nacional tres espacios p\u00fablicos de 10 mil metros cuadrados, cada uno para 450 elementos, que recibimos a cambio, que el Gobierno federal, por cierto de Morena, decidi\u00f3 la eliminaci\u00f3n del Fortaseg, importante recurso para nuestros polic\u00edas, sin Fortaseg y sin coordinaci\u00f3n de la Guardia Nacional no les interesa el municipio y menos en materia de seguridad, lo que yo propongo es viable gracias a las buenas finanzas que tiene MC\u201d, dijo la candidata de MC durante el debate que organiz\u00f3 la televisora Quiero TV.<\/p>\n<div class=\" b2\">\n<div id=\"infinite-ad-0-2\" class=\"banner bnr-bb\" data-google-query-id=\"CKb6tMCRnfQCFcIHPwodIu4Dow\">\n<div id=\"google_ads_iframe_\/1001694\/IN_MR_DET_2_0__container__\"><\/div>\n<\/div>\n<\/div>\n<ul>\n<li>\n<h2><a href=\"https:\/\/www.informador.mx\/jalisco\/Elecciones-Tlaquepaque-MC-niega-acusaciones-de-Morena-sobre-agresion-a-mujer-en-debate-20211114-0078.html\" target=\"_blank\" rel=\"noopener\">Elecciones Tlaquepaque: MC niega acusaciones de Morena, sobre agresi\u00f3n a mujer en debate<\/a><\/h2>\n<\/li>\n<\/ul>\n<p><strong>Alberto Maldonado<\/strong>, de Morena, destac\u00f3 que ser\u00e1 imposible que Movimiento Ciudadano controle el tema de inseguridad que se vive en Tlaquepaque, ya que no lo han podido hacer en seis a\u00f1os, con estad\u00edsticas que lo pone como uno de los municipios con m\u00e1s homicidios en M\u00e9xico.<\/p>\n<p>\u201cNo van a poder cumplir lo que no hicieron en seis a\u00f1os, tengan tantita verg\u00fcenza, debo decir pues que siento especialista en este modelo, tenemos que pasar por saber que tenemos, capacitarlos, ponernos metas, equiparlos, cobijarlos el tema de nuestro cuerpo de seguridad con m\u00e1s y mejores polic\u00edas, recuperaci\u00f3n de espacios p\u00fablicos, nuestras calles m\u00e1s iluminadas y desarrollar estrategias enfocadas a la juventud y protecci\u00f3n de nuestras mujeres\u201d, se\u00f1al\u00f3.<\/p>\n<div id=\"infinite-ad-0-3\" class=\"banner bnr-bb\" data-google-query-id=\"CMPorMCRnfQCFcIHPwodIu4Dow\">\n<div id=\"google_ads_iframe_\/1001694\/IN_MR_DET_3_0__container__\"><\/div>\n<\/div>\n<p>Entre los otros siete candidatos que asistieron en su discurso propusieron aumentar los salarios a los polic\u00edas y que se realicen programas de cuidado a la infancia y juventud para evitar que caigan en problemas \u00a0de adicciones y violencia.<\/p>\n<p>Al debate de este domingo, asistieron: Mar\u00eda del Rosario Vel\u00e1zquez Hern\u00e1ndez, del PAN;\u00a0 Luis Arturo Morones Vargas, del PRI; A\u00edda Alejandra Guerrero de Le\u00f3n, del PRD; Noelia Castillo Z\u00fa\u00f1iga, del PT; Mirna Citlalli Amaya de Luna, de Movimiento Ciudadano; Alberto Maldonado Chavar\u00edn, de Morena; Mar\u00eda de Lourdes Mart\u00ednez Pizano, de Hagamos; Rosa Araceli Coronado Rodriguez de Futuro y finalmente, Carolina Mel\u00e9ndez de Fuerza por M\u00e9xico.<\/p>\n<p><strong>No asisti\u00f3 de SOMOS, Mayra \u00c1renme Orozco<\/strong>, por motivos personales.<\/p>\n<p>Al final Noelia Castillo Z\u00fa\u00f1iga del Partido del Trabajo<strong><a href=\"https:\/\/www.informador.mx\/jalisco\/Aspirante-de-PT-declina-a-candidatura-por-Tlaquepaque-y-se-une-a-Morena-20211114-0075.html\" target=\"_blank\" rel=\"noopener\">, declin\u00f3 a la candidatura<\/a><\/strong>\u00a0y se sum\u00f3 a la contienda con el candidato de Morena, Alberto Maldonado.<\/p>\n<h2>As\u00ed lo dijeron tambi\u00e9n los otros candidatos<\/h2>\n<p><strong>Carolina Mel\u00e9ndez,\u00a0Fuerza por M\u00e9xico:<\/strong><\/p>\n<p>\u201cAumentar el salario de los Polic\u00edas, adem\u00e1s de que tengan clara sus tareas y adquirir el equipo que haga falta para que est\u00e9n en mejores condiciones solo as\u00ed podremos hablar de seguridad\u201d.<\/p>\n<p><strong>Arturo Morones,\u00a0PRI:<\/strong><\/p>\n<p>\u201cEs por eso que en estos m\u00f3dulos de seguridad tendr\u00e1s una interacci\u00f3n directa, para que te organices con tus vecinos y que conozcas directamente a quienes te van a cuidar, pero m\u00e1s all\u00e1 de eso van a ser parte de porqu\u00e9 t\u00fa podr\u00e1s tener la atenci\u00f3n prioritaria de protecci\u00f3n en seguridad p\u00fablica, el sistema de alerta vecinal le vamos a apostar con todas las ganas del mundo, es un actuar que tienes al alcance de tu telefon\u00eda que mejor que tu tel\u00e9fono se ha utilizado para una emergencia que esto vamos a evitar mucho tiempo, para corregir una eventualidad en desgracias hacia un ser querido y sobretodo yo le pido a la poblaci\u00f3n, es momento de verdad de actuar y dejar un lado el discurso y ponernos las pilas con las mujeres tenemos que erradicar la confianza, dame la confianza, me conoces\u201d.<\/p>\n<p><strong>Rosario Vel\u00e1zquez, PAN:<\/strong><\/p>\n<p>\u201cTengo muy claro que la estrategia m\u00e1s efectiva en materia de seguridad es la prevenci\u00f3n, hoy tenemos que apostarle en serio a la reconstrucci\u00f3n del tejido social a trav\u00e9s de la construcci\u00f3n y mejora de espacios p\u00fablicos, que permitan a los ni\u00f1os, a los j\u00f3venes o cualquier persona convivir en entornos sanos y llevar a cabo actividades deportivas art\u00edsticas y de formaci\u00f3n c\u00edvica, un programa exitoso de los gobiernos del PAN, fue el rescate de espacios p\u00fablicos, espacios que hoy vemos en el total abandono, sirviendo de basureros o punto de reuni\u00f3n de drogadictos, y para hacer esto todo posible tenemos que llevar a cabo un gobierno eficiente y responsable con el dinero de los ciudadanos, no m\u00e1s gasto sin sentido, ni frivolidades, ni caprichos, tenemos que llevar a cabo un plan de austeridad, nadie utilizara tu dinero para pagar comidas, viajes o gasolina\u201d.<\/p>\n<p><strong>Lourdes Mart\u00ednez\u00a0Pizano,\u00a0Partido Hagamos:<\/strong><\/p>\n<p>\u201cHagamos comunidad para tener un Tlaquepaque seguro, obviamente Tendremos que empezar a cuidarnos entre nosotros, porqu\u00e9 en seis a\u00f1os de gobierno naranja, Citlalli Amaya dice que va a\u00a0\u00a0empezar a ver qu\u00e9 vamos a hacer en el tema de seguridad, cuando nos han sumido en esta crisis tan grave que vivimos en Tlaquepaque, nunca hab\u00edamos tenido tantos problemas, tanta balacera, tanta inseguridad, nos dejan gentes ah\u00ed tiradas en las bancas del jard\u00edn, c\u00f3mo es posible no tienen verg\u00fcenza. Tenemos que trabajar obviamente para tener una polic\u00eda de proximidad, una polic\u00eda que nos tom\u00e9 y nos de la calidad de vida que merecemos en Tlaquepaque\u201d.<\/p>\n<p><strong>Rosa Araceli Coronado, Futuro:<\/strong><\/p>\n<p>\u201cHoy vimos de lo que est\u00e1n hecho algunos de los que nos quieren gobernar en Tlaquepaque, sabemos que est\u00e1n dispuestos a hacer todo por ganar, comprar votos y condicionar programas de gobierno para hacer campa\u00f1a, en Futuro decimos que en un partido el pol\u00edtico hace gobierno como hace campa\u00f1a\u201d.<\/p>\n<\/div>\n<\/div>\n<p><a href=\"https:\/\/www.informador.mx\/jalisco\/Elecciones-Tlaquepaque-Candidatos-culpan-de-inseguridad-a-partidos-de-oponentes--20211114-0076.html\">Fuentes<\/a><\/p>\n","protected":false},"excerpt":{"rendered":"<p>Candidatos expresan sus posturas rumbo a las elecciones extraordinarias del 21 de noviembre Por:\u00a0Ernesto G\u00f3mez 14 de noviembre de 2021 &#8211; 15:25 hs El debate entre los candidatos a la presidencia municipal de Tlaquepaque fue televisado. EL INFORMADOR\/G. Gallo En el\u00a0debate\u00a0para las elecciones extraordinarias de Tlaquepaque del 21 de noviembre, entre los\u00a0nueve candidatos\u00a0que asistieron se [&hellip;]<\/p>\n","protected":false},"author":4,"featured_media":811,"comment_status":"open","ping_status":"open","sticky":false,"template":"","format":"standard","meta":{"footnotes":""},"categories":[52,71,45],"tags":[],"class_list":["post-810","post","type-post","status-publish","format-standard","has-post-thumbnail","hentry","category-jalisco","category-tlaquepaque","category-ultimas-noticias"],"aioseo_notices":[],"_links":{"self":[{"href":"https:\/\/jaliscoopina.mx\/index.php\/wp-json\/wp\/v2\/posts\/810","targetHints":{"allow":["GET"]}}],"collection":[{"href":"https:\/\/jaliscoopina.mx\/index.php\/wp-json\/wp\/v2\/posts"}],"about":[{"href":"https:\/\/jaliscoopina.mx\/index.php\/wp-json\/wp\/v2\/types\/post"}],"author":[{"embeddable":true,"href":"https:\/\/jaliscoopina.mx\/index.php\/wp-json\/wp\/v2\/users\/4"}],"replies":[{"embeddable":true,"href":"https:\/\/jaliscoopina.mx\/index.php\/wp-json\/wp\/v2\/comments?post=810"}],"version-history":[{"count":1,"href":"https:\/\/jaliscoopina.mx\/index.php\/wp-json\/wp\/v2\/posts\/810\/revisions"}],"predecessor-version":[{"id":812,"href":"https:\/\/jaliscoopina.mx\/index.php\/wp-json\/wp\/v2\/posts\/810\/revisions\/812"}],"wp:featuredmedia":[{"embeddable":true,"href":"https:\/\/jaliscoopina.mx\/index.php\/wp-json\/wp\/v2\/media\/811"}],"wp:attachment":[{"href":"https:\/\/jaliscoopina.mx\/index.php\/wp-json\/wp\/v2\/media?parent=810"}],"wp:term":[{"taxonomy":"category","embeddable":true,"href":"https:\/\/jaliscoopina.mx\/index.php\/wp-json\/wp\/v2\/categories?post=810"},{"taxonomy":"post_tag","embeddable":true,"href":"https:\/\/jaliscoopina.mx\/index.php\/wp-json\/wp\/v2\/tags?post=810"}],"curies":[{"name":"wp","href":"https:\/\/api.w.org\/{rel}","templated":true}]}}