{"id":763,"date":"2021-11-05T14:38:04","date_gmt":"2021-11-05T14:38:04","guid":{"rendered":"https:\/\/jaliscoopina.mx\/?p=763"},"modified":"2021-11-05T14:38:04","modified_gmt":"2021-11-05T14:38:04","slug":"arranca-vacunacion-contra-covid-19-para-adolescentes-con-vulnerabilidad","status":"publish","type":"post","link":"https:\/\/jaliscoopina.mx\/index.php\/2021\/11\/05\/arranca-vacunacion-contra-covid-19-para-adolescentes-con-vulnerabilidad\/","title":{"rendered":"Arranca vacunaci\u00f3n contra COVID-19 para adolescentes con vulnerabilidad"},"content":{"rendered":"<p>La jornada arranc\u00f3 sin contratiempos en los 41 hospitales donde se implementaron puntos de vacunaci\u00f3n para este grupo poblacional<\/p>\n<p>En 41 hospitales de Jalisco arranc\u00f3 desde el lunes pasado la jornada especial para aplicar la primera dosis de la vacuna contra COVID-19 a las y los adolescentes entre 12 y 17 a\u00f1os con alguna condici\u00f3n de vulnerabilidad.<\/p>\n<p>Fue el secretario de de Salud en Jalisco, Fernando Petersen, quien supervis\u00f3 el comienzo de la jornada en el Hospital Militar Regional de Especialidades en Guadalajara, as\u00ed como en la UMAE Hospital de Pediatr\u00eda del Centro M\u00e9dico Nacional Occidente del Instituto Mexicano del Seguro Social (IMSS).<\/p>\n<div class=\"div-pos-2\"><\/div>\n<p>De acuerdo con la Secretar\u00eda de Salud Estatal, la jornada arranc\u00f3 sin contratiempos en los 41 hospitales donde se implementaron puntos de vacunaci\u00f3n para este grupo de poblaci\u00f3n y que cubrir\u00e1n a los 125 municipios de Jalisco.<\/p>\n<p><iframe id=\"twitter-widget-1\" class=\"\" style=\"position: static; visibility: visible; width: 550px; height: 650px; display: block; flex-grow: 1;\" title=\"Twitter Tweet\" src=\"https:\/\/platform.twitter.com\/embed\/Tweet.html?creatorScreenName=CMS%20Medios&amp;dnt=false&amp;embedId=twitter-widget-1&amp;features=eyJ0ZndfZXhwZXJpbWVudHNfY29va2llX2V4cGlyYXRpb24iOnsiYnVja2V0IjoxMjA5NjAwLCJ2ZXJzaW9uIjpudWxsfSwidGZ3X2hvcml6b25fdHdlZXRfZW1iZWRfOTU1NSI6eyJidWNrZXQiOiJodGUiLCJ2ZXJzaW9uIjpudWxsfSwidGZ3X3NwYWNlX2NhcmQiOnsiYnVja2V0Ijoib2ZmIiwidmVyc2lvbiI6bnVsbH19&amp;frame=false&amp;hideCard=false&amp;hideThread=false&amp;id=1455916441652264970&amp;lang=es&amp;origin=https%3A%2F%2Fwww.informador.mx%2Fjalisco%2FMi-Vacuna-Jalisco-Arranca-inmunizacion-de-adolescentes-con-vulnerabilidad-20211103-0134.html&amp;sessionId=1d1de0d4babd521e56b7ed9b0590c5cb41f3a867&amp;siteScreenName=informador&amp;theme=light&amp;widgetsVersion=f001879%3A1634581029404&amp;width=550px\" frameborder=\"0\" scrolling=\"no\" allowfullscreen=\"allowfullscreen\" data-tweet-id=\"1455916441652264970\"><\/iframe><\/p>\n<p>&nbsp;<\/p>\n<p>La vacuna que se aplicar\u00e1 a este grupo vulnerable es de los laboratorios Pfizer-BioNTech, hasta ahora la \u00fanica autorizada en nuestro pa\u00eds para menores de edad, y la cual requiere de dos dosis.<\/p>\n<p>El titular de Salud indic\u00f3 que a\u00fan hay suficientes dosis para quienes a\u00fan no han sido registrados.<\/p>\n<p>\u201cEs importante decir que hasta el momento llevamos registrados solo el 25% de las personas que podr\u00eda acudir ya a su vacunaci\u00f3n, invitamos a todos los pap\u00e1s de los ni\u00f1os y\/o adolescentes que padecen alguna patolog\u00eda, para que los registren y acudan a alguno de los 41 centros que se encuentran espec\u00edficamente destinados para la aplicaci\u00f3n de la vacuna para este grupo de edad\u201d, precis\u00f3 el secretario.<\/p>\n<p>En la supervisi\u00f3n tambi\u00e9n estuvo presente el coronel m\u00e9dico cirujano Humberto Ortiz Casta\u00f1eda, director del Hospital Militar, quien es tambi\u00e9n el coordinador general de la estrategia de vacunaci\u00f3n Correcaminos en Jalisco.<\/p>\n<ul>\n<li><strong><a href=\"https:\/\/www.informador.mx\/jalisco\/Mi-Vacuna-Jalisco-Inmunizacion-de-adolescentes-vulnerables-arranca-el-miercoles-20211027-0140.html\" target=\"_blank\" rel=\"noopener\">Vacunaci\u00f3n contra COVID para adolescentes vulnerables arranca el mi\u00e9rcoles<\/a><\/strong><\/li>\n<\/ul>\n<p>Posteriormente, Petersen Aranguren acudi\u00f3 al Hospital de Pediatr\u00eda del IMSS Jalisco, donde dirigi\u00f3 unas palabras de agradecimiento a las madres y padres de familia por acudir a esta convocatoria.<\/p>\n<p>En compa\u00f1\u00eda de la titular del IMSS en el estado, Edith Berm\u00fadez Alonso, el Secretario hizo el recorrido y agradeci\u00f3 el esfuerzo y compromiso que el personal del Instituto Mexicano del Seguro Social. Ha realizado en Jalisco a lo largo de la pandemia.<\/p>\n<h2>PARA SABER<\/h2>\n<ul>\n<li>Para consultar el listado de enfermedades, condici\u00f3n o trastorno definidas por el Gobierno Federal para considerar a un adolescente con vulnerabilidad y m\u00e1s detalles del proceso de vacunaci\u00f3n entra a:<\/li>\n<\/ul>\n<p><strong><a href=\"http:\/\/vacunacovid.gob.mx\/wordpress\/vacuna-covid19-adolescentes\/\" target=\"_blank\" rel=\"noopener\">http:\/\/vacunacovid.gob.mx\/wordpress\/vacuna-covid19-adolescentes\/<\/a><\/strong><\/p>\n<ul>\n<li>Para vacunar a los menores en condici\u00f3n de vulnerabilidad se podr\u00e1 elegir el hospital m\u00e1s cercano sin importar si cuentan con seguridad social o no, para registrar al adolescente es a trav\u00e9s del link:\u00a0<strong><a href=\"https:\/\/vacunacion.jalisco.gob.mx\/\" target=\"_blank\" rel=\"noopener\">https:\/\/vacunacion.jalisco.gob.mx\/<\/a><\/strong><\/li>\n<\/ul>\n<p><a href=\"https:\/\/www.informador.mx\/jalisco\/Mi-Vacuna-Jalisco-Arranca-inmunizacion-de-adolescentes-con-vulnerabilidad-20211103-0134.html\">Fuentes<\/a><\/p>\n","protected":false},"excerpt":{"rendered":"<p>La jornada arranc\u00f3 sin contratiempos en los 41 hospitales donde se implementaron puntos de vacunaci\u00f3n para este grupo poblacional En 41 hospitales de Jalisco arranc\u00f3 desde el lunes pasado la jornada especial para aplicar la primera dosis de la vacuna contra COVID-19 a las y los adolescentes entre 12 y 17 a\u00f1os con alguna condici\u00f3n [&hellip;]<\/p>\n","protected":false},"author":4,"featured_media":764,"comment_status":"open","ping_status":"open","sticky":false,"template":"","format":"standard","meta":{"footnotes":""},"categories":[45],"tags":[],"class_list":["post-763","post","type-post","status-publish","format-standard","has-post-thumbnail","hentry","category-ultimas-noticias"],"aioseo_notices":[],"_links":{"self":[{"href":"https:\/\/jaliscoopina.mx\/index.php\/wp-json\/wp\/v2\/posts\/763","targetHints":{"allow":["GET"]}}],"collection":[{"href":"https:\/\/jaliscoopina.mx\/index.php\/wp-json\/wp\/v2\/posts"}],"about":[{"href":"https:\/\/jaliscoopina.mx\/index.php\/wp-json\/wp\/v2\/types\/post"}],"author":[{"embeddable":true,"href":"https:\/\/jaliscoopina.mx\/index.php\/wp-json\/wp\/v2\/users\/4"}],"replies":[{"embeddable":true,"href":"https:\/\/jaliscoopina.mx\/index.php\/wp-json\/wp\/v2\/comments?post=763"}],"version-history":[{"count":1,"href":"https:\/\/jaliscoopina.mx\/index.php\/wp-json\/wp\/v2\/posts\/763\/revisions"}],"predecessor-version":[{"id":765,"href":"https:\/\/jaliscoopina.mx\/index.php\/wp-json\/wp\/v2\/posts\/763\/revisions\/765"}],"wp:featuredmedia":[{"embeddable":true,"href":"https:\/\/jaliscoopina.mx\/index.php\/wp-json\/wp\/v2\/media\/764"}],"wp:attachment":[{"href":"https:\/\/jaliscoopina.mx\/index.php\/wp-json\/wp\/v2\/media?parent=763"}],"wp:term":[{"taxonomy":"category","embeddable":true,"href":"https:\/\/jaliscoopina.mx\/index.php\/wp-json\/wp\/v2\/categories?post=763"},{"taxonomy":"post_tag","embeddable":true,"href":"https:\/\/jaliscoopina.mx\/index.php\/wp-json\/wp\/v2\/tags?post=763"}],"curies":[{"name":"wp","href":"https:\/\/api.w.org\/{rel}","templated":true}]}}