{"id":714,"date":"2021-10-29T19:58:26","date_gmt":"2021-10-29T19:58:26","guid":{"rendered":"https:\/\/jaliscoopina.mx\/?p=714"},"modified":"2021-10-29T19:58:26","modified_gmt":"2021-10-29T19:58:26","slug":"la-udeg-permitira-a-estudiantes-cursar-menos-materias-o-ninguna-en-ciclo-2021-b","status":"publish","type":"post","link":"https:\/\/jaliscoopina.mx\/index.php\/2021\/10\/29\/la-udeg-permitira-a-estudiantes-cursar-menos-materias-o-ninguna-en-ciclo-2021-b\/","title":{"rendered":"La UdeG permitir\u00e1 a estudiantes cursar menos materias o ninguna en ciclo 2021 \u00abB\u00bb"},"content":{"rendered":"<div class=\"news-excerpt\">\n<p>Ricardo Villanueva propuso que no sea aplicable la regla del n\u00famero m\u00ednimo de cr\u00e9ditos para cursar un ciclo escolar<\/p>\n<\/div>\n<div class=\"clearfix\">\n<div class=\"news-line\">\n<p class=\"news-author\">Por:\u00a0<a title=\" Yunuen Mora \" href=\"https:\/\/www.informador.mx\/staff\/ymora\">Yunuen Mora<\/a><\/p>\n<p><time class=\"news-date\" datetime=\"2021-27-10T14:37-06:00\">27 de octubre de 2021 &#8211; 14:37 hs<\/time><\/div>\n<div>Adem\u00e1s, consideran que si los estudiantes no est\u00e1n en posibilidad de atender adecuadamente los cursos del ciclo escolar 2021 \u201cB\u201d, podr\u00e1n solicitar la baja del horario asignado. EL INFORMADOR \/ ARCHIVO<\/div>\n<div><\/div>\n<div>\n<p>Por la pandemia del COVID-19, alumnos de la Universidad de Guadalajara (UdeG) tuvieron distintas circunstancias que les impidieron poder cursar de manera completa sus materias o incluso dejar de hacerlo, por ello el rector General, Ricardo Villanueva, expres\u00f3 que se debe continuar con la flexibilidad en los cursos.<\/p>\n<p>Ante ello,\u00a0<strong>propuso al Consejo General Universitario que no sea aplicable, durante el ciclo escolar 2021 \u201cB\u201d, la regla del n\u00famero m\u00ednimo de cr\u00e9ditos (30) para cursar en un ciclo escolar<\/strong>, establecida en el art\u00edculo 25 del Reglamento General de Planes de Estudio de la Universidad de Guadalajara. Y que, incluso, los alumnos puedan no cursar ning\u00fan cr\u00e9dito, a excepci\u00f3n de los programas de posgrados.<\/p>\n<p>\u201cLo establecido ser\u00e1 aplicable a los alumnos que por alguna circunstancia no puedan mantener un desempe\u00f1o regular en el desarrollo de las clases, durante el ciclo escolar 2021 \u201cB\u00bb, indica el documento aprobado por el Consejo.<\/p>\n<ul>\n<li><strong><a href=\"https:\/\/www.informador.mx\/jalisco\/La-UdeG-dona-terreno-a-Zapopan-para-continuacion-de-avenida-Tabachines-20211027-0101.html\" target=\"_blank\" rel=\"noopener\">La UdeG dona terreno a Zapopan para continuaci\u00f3n de avenida Tabachines<\/a><\/strong><\/li>\n<\/ul>\n<p>Adem\u00e1s, especifica que los estudiantes del Sistema de Educaci\u00f3n Media Superior, si consideran que no est\u00e1n en posibilidad de atender adecuadamente los cursos o actividades escolares programadas para el ciclo escolar 2021 \u201cB\u201d,\u00a0<strong>podr\u00e1n solicitar la baja del horario asignado, total o parcialmente, sin perder la calidad de estudiantes activos, incluyendo a quienes tengan la calidad de irregulare<\/strong>s.<\/p>\n<p>\u201cPropongo ir por todos los estudiantes, buscarlos y saber donde est\u00e1n, saber si algo podemos hacer y poder distinguir entre quienes no asisten por raz\u00f3n propia o quienes por razones psicol\u00f3gicas o econ\u00f3micas no pueden\u201d, a\u00f1adi\u00f3 Villanueva.<\/p>\n<p>Adem\u00e1s, para continuar con la evaluaci\u00f3n y atenci\u00f3n al impacto de la pandemia en los alumnos, el Consejo aprob\u00f3 el Programa Especial de Atenci\u00f3n a Aspirantes de Primer Ingreso a la Universidad de Guadalajara en el ciclo escolar 2022 \u201cA\u201d, implementado para disminuir el impacto de la pandemia del COVID-19.<\/p>\n<ul>\n<li><strong><a href=\"https:\/\/www.informador.mx\/jalisco\/UdeG-Alumnos-del-CUCSH-ofreceran-asesorias-gratuitas-cada-jueves-20211021-0100.html\" target=\"_blank\" rel=\"noopener\">Alumnos del CUCSH ofrecer\u00e1n asesor\u00edas gratuitas cada jueves<\/a><\/strong><\/li>\n<\/ul>\n<p><strong>Este tiene por objeto definir las condiciones espec\u00edficas para facilitar el ingreso a aspirantes a la Universidad<\/strong>, en cualquiera de sus planes de estudios de nivel medio superior o superior, y que por motivo de la pandemia que se presenta no cuenten en tiempo y forma con el certificado necesario.<\/p>\n<p>Con este, se exime el cumplimiento de cualquier otro requisito de ingreso previsto en la norma, el plan de estudios correspondiente, y\/o incluir alg\u00fan otro requisito de ingreso, como podr\u00edan ser ex\u00e1menes espec\u00edficos de aptitud, conocimientos y\/o habilidades por programa educativo.<\/p>\n<h4>Propone FEU libros digitales para estudiantes y regreso facilitado para desertores<\/h4>\n<p>Para que los estudiantes puedan tener un piso parejo, el presidente de la Federaci\u00f3n de Estudiantes Universitarios (FEU), Javier Armenta, record\u00f3 que desde febrero propuso que la UdeG pueda brindar libros digitales o pr\u00e9stamos de los mismos en las bibliotecas de las preparatorias con el fin de que aquellos alumnos que no puedan comprarlos, los consulten.<\/p>\n<p>\u201cLa UdeG no recibe el presupuesto suficiente para poder darle libros gratuitos a estudiantes, pero s\u00ed puede dar un paso adelante en innovaci\u00f3n y<strong>\u00a0proponemos piso m\u00ednimo parejo en preparatorias para garantizar acceso m\u00ednimo a estudiantes, como libros y manuales digitales<\/strong>\u201d, dijo.<\/p>\n<p>Esto significa que est\u00e9n disponibles todos los que se necesiten para su consulta, impresi\u00f3n y uso, que todos est\u00e9n disponibles de manera f\u00edsica para pr\u00e9stamos en cada biblioteca, reducci\u00f3n de papel y que comprar un libro o manual sea opcional no necesidad<\/p>\n<blockquote><p>\u201cLa UdeG no recibe el presupuesto suficiente para poder darle libros gratuitos a estudiantes, pero s\u00ed puede dar un paso adelante en innovaci\u00f3n\u00bb<\/p><\/blockquote>\n<p>Por su parte, Moises Rodr\u00edguez, consejero del Centro Universitario de Ciencias Econ\u00f3mico-Administrativas (CUCEA), a\u00f1adi\u00f3 que se debe trabajar una propuesta de regreso para que se les den las facilidades a quienes desertaron y quieren reingresar. Con el fin de que, si vuelven dentro del lapso de tres a\u00f1os de su baja, puedan continuar donde se quedaron sin tener que recursar todo de nuevo.<\/p>\n<p>GC<\/p>\n<p><a href=\"https:\/\/www.informador.mx\/jalisco\/UdeG-permitira-a-estudiantes-cursar-menos-materias-o-ninguna-en-ciclo-2021-B-20211027-0106.html\">Fuentes<\/a><\/p>\n<\/div>\n<\/div>\n","protected":false},"excerpt":{"rendered":"<p>Ricardo Villanueva propuso que no sea aplicable la regla del n\u00famero m\u00ednimo de cr\u00e9ditos para cursar un ciclo escolar Por:\u00a0Yunuen Mora 27 de octubre de 2021 &#8211; 14:37 hs Adem\u00e1s, consideran que si los estudiantes no est\u00e1n en posibilidad de atender adecuadamente los cursos del ciclo escolar 2021 \u201cB\u201d, podr\u00e1n solicitar la baja del horario [&hellip;]<\/p>\n","protected":false},"author":4,"featured_media":715,"comment_status":"open","ping_status":"open","sticky":false,"template":"","format":"standard","meta":{"footnotes":""},"categories":[66,52,45],"tags":[],"class_list":["post-714","post","type-post","status-publish","format-standard","has-post-thumbnail","hentry","category-educacion","category-jalisco","category-ultimas-noticias"],"aioseo_notices":[],"_links":{"self":[{"href":"https:\/\/jaliscoopina.mx\/index.php\/wp-json\/wp\/v2\/posts\/714","targetHints":{"allow":["GET"]}}],"collection":[{"href":"https:\/\/jaliscoopina.mx\/index.php\/wp-json\/wp\/v2\/posts"}],"about":[{"href":"https:\/\/jaliscoopina.mx\/index.php\/wp-json\/wp\/v2\/types\/post"}],"author":[{"embeddable":true,"href":"https:\/\/jaliscoopina.mx\/index.php\/wp-json\/wp\/v2\/users\/4"}],"replies":[{"embeddable":true,"href":"https:\/\/jaliscoopina.mx\/index.php\/wp-json\/wp\/v2\/comments?post=714"}],"version-history":[{"count":1,"href":"https:\/\/jaliscoopina.mx\/index.php\/wp-json\/wp\/v2\/posts\/714\/revisions"}],"predecessor-version":[{"id":716,"href":"https:\/\/jaliscoopina.mx\/index.php\/wp-json\/wp\/v2\/posts\/714\/revisions\/716"}],"wp:featuredmedia":[{"embeddable":true,"href":"https:\/\/jaliscoopina.mx\/index.php\/wp-json\/wp\/v2\/media\/715"}],"wp:attachment":[{"href":"https:\/\/jaliscoopina.mx\/index.php\/wp-json\/wp\/v2\/media?parent=714"}],"wp:term":[{"taxonomy":"category","embeddable":true,"href":"https:\/\/jaliscoopina.mx\/index.php\/wp-json\/wp\/v2\/categories?post=714"},{"taxonomy":"post_tag","embeddable":true,"href":"https:\/\/jaliscoopina.mx\/index.php\/wp-json\/wp\/v2\/tags?post=714"}],"curies":[{"name":"wp","href":"https:\/\/api.w.org\/{rel}","templated":true}]}}