{"id":706,"date":"2021-10-27T21:00:28","date_gmt":"2021-10-27T21:00:28","guid":{"rendered":"https:\/\/jaliscoopina.mx\/?p=706"},"modified":"2021-10-27T21:00:43","modified_gmt":"2021-10-27T21:00:43","slug":"gobernador-omite-violencia-de-genero-en-informe","status":"publish","type":"post","link":"https:\/\/jaliscoopina.mx\/index.php\/2021\/10\/27\/gobernador-omite-violencia-de-genero-en-informe\/","title":{"rendered":"Gobernador omite violencia de g\u00e9nero en informe"},"content":{"rendered":"<div class=\"news-excerpt\">\n<p>Olvida compartir estad\u00edsticas de violaciones y violencia familiar, que van al alza; subraya la baja en los delitos patrimoniales<\/p>\n<\/div>\n<div class=\"clearfix\">\n<div class=\"news-line\">\n<p class=\"news-author\">Por:\u00a0El Informador<\/p>\n<p><time class=\"news-date\" datetime=\"2021-26-10T05:00-06:00\">26 de octubre de 2021 &#8211; 05:00 hs<\/time><\/p>\n<\/div>\n<div>\n<div class=\"news-photogallery\">\n<div class=\"swiper-container swiper-container-horizontal no-pagination\">\n<div class=\"swiper-wrapper\">\n<figure class=\"swiper-slide swiper-slide-active\"><figcaption>Sin compartir n\u00fameros, el gobernador admiti\u00f3 que la violencia de g\u00e9nero y la familiar van al alza. EL INFORMADOR\/Archivo<\/figcaption><\/figure>\n<\/div>\n<\/div>\n<\/div>\n<div class=\"news-content\">\n<div class=\"news-body\">\n<p>En su tercer informe en materia de seguridad, el gobernador de Jalisco dej\u00f3 de lado las estad\u00edsticas relacionadas con los delitos de violencia de g\u00e9nero, como las violaciones o la violencia familiar, que en los \u00faltimos a\u00f1os se han incrementado, como lo dio a conocer ayer este medio de comunicaci\u00f3n.<\/p>\n<ul>\n<li><strong><a href=\"https:\/\/www.informador.mx\/jalisco\/Crecen-delitos-de-violencia-de-genero-en-Jalisco-20211025-0042.html\" target=\"_blank\" rel=\"noopener\">Crecen delitos de violencia de g\u00e9nero en Jalisco<\/a><\/strong><\/li>\n<\/ul>\n<p>Si bien se explay\u00f3 para subrayar la baja en los il\u00edcitos patrimoniales (robo a veh\u00edculo particular, a negocio, a casa habitaci\u00f3n, a persona, a cuentahabiente, entre otros), en los relacionados con las mujeres\u00a0<strong>s\u00f3lo ofreci\u00f3 cifras de feminicidios. Seg\u00fan los datos que present\u00f3, entre octubre de 2018 y septiembre de 2019 hubo 53 casos. Sin embargo, de octubre de 2020 a septiembre de este a\u00f1o fueron 83.<\/strong><\/p>\n<div class=\"div-pos-2\"><\/div>\n<p>Dijo que este aumento se debe a que todos los homicidios de mujeres se investigan bajo el protocolo de feminicidio. Sin embargo, el Secretariado Ejecutivo del Sistema Nacional de Seguridad P\u00fablica document\u00f3 de enero a septiembre de este a\u00f1o otros 156 asesinatos de mujeres.<\/p>\n<div class=\" b2\">\n<div id=\"infinite-ad-0-2\" class=\"banner bnr-bb\" data-google-query-id=\"CNL7t4S46_MCFRDvwAod3OoJjQ\">\n<div id=\"google_ads_iframe_\/1001694\/IN_MR_DET_2_0__container__\"><\/div>\n<\/div>\n<\/div>\n<p>Sin compartir n\u00fameros, admiti\u00f3 que la violencia de g\u00e9nero y la familiar van al alza. Agreg\u00f3 que en nueve de cada 10 feminicidios el agresor es familiar, pareja o una persona conocida por la v\u00edctima.<\/p>\n<p>Ante esta situaci\u00f3n, \u00e9l y la secretaria de Igualdad Sustantiva Entre Mujeres y Hombres, Paola Lazo, destacaron que ya se trabaja en la instalaci\u00f3n de una mesa con especialistas y acad\u00e9micos para identificar los factores que han influido en el crecimiento de este problema, a fin de establecer las pol\u00edticas p\u00fablicas para combatirlo.<\/p>\n<p>En cuanto a homicidios dolosos, que pasaron de dos mil 070 (de octubre de 2017 a septiembre de 2018) a dos mil 109 (de octubre de 2020 a septiembre de este a\u00f1o), asegur\u00f3 que no hay una escalada de violencia significativa. Adem\u00e1s,\u00a0<strong>sin ofrecer pruebas, afirm\u00f3 que 80% de los asesinatos en la Entidad est\u00e1n relacionados con el crimen organizado.<\/strong><\/p>\n<p>\u201cSi esto no es delincuencia organizada, si alguien que llegue, le d\u00e9 un balazo a alguien sin robarle nada, no es un asunto que tenga que ver con algo extra\u00f1o, me parece que entonces tendr\u00edamos un problema de conceptos que no podr\u00edamos resolver\u201d, remat\u00f3.<\/p>\n<div>\n<figure class=\"image\"><img loading=\"lazy\" decoding=\"async\" src=\"https:\/\/www.informador.mx\/__export\/1635243955819\/sites\/elinformador\/img\/2021\/10\/26\/imagen_imagen_desa_crop1635243955310.jpg_71210540.jpg\" width=\"800\" height=\"502\" hspace=\"5\" vspace=\"5\" data-height=\"502\" data-width=\"800\" \/><figcaption>Familiares de desaparecidos han salido a las calles para reclamar las fallas de los gobiernos en esta materia. \u00a0EL INFORMADOR\/Archivo<\/figcaption><\/figure>\n<\/div>\n<h4>Gobernador de Jalisco niega crisis forense<\/h4>\n<p>Durante su tercer informe en materia de seguridad, el gobernador de Jalisco asegur\u00f3 que se han llevado a cabo diversas acciones para dar salida a la crisis con la cual su administraci\u00f3n recibi\u00f3 al Instituto Jalisciense de Ciencias Forenses (IJCF).<\/p>\n<p>Explic\u00f3 que cuando tom\u00f3 las riendas del Estado, el IJCF no ten\u00eda capacidad de manejo, no hab\u00eda trazabilidad en las inhumaciones, registros ni archivos b\u00e1sicos de identificaci\u00f3n, no contaba con personal suficiente y ten\u00eda mil por ciento de ocupaci\u00f3n.<\/p>\n<p>\u201cLo que podemos decir es que\u00a0<strong>respecto al mil por ciento de ocupaci\u00f3n que se ten\u00eda en 2018, hoy estamos al 97.8 por ciento. Trabajamos al l\u00edmite, pero cuando alguien habla de crisis forense lo que yo le digo es no, crisis la que hab\u00eda hace tres a\u00f1os.<\/strong>\u00a0Hoy lo que tenemos es un Instituto en proceso de renovaci\u00f3n, de fortalecimiento y una ruta de trabajo para los pr\u00f3ximos a\u00f1os, pero con logros y avances muy significativos\u201d, dijo.<\/p>\n<p>Por otra parte, el mandatario estatal acentu\u00f3 que en lo que va del \u00faltimo a\u00f1o\u00a0<strong>han desaparecido menos personas en comparaci\u00f3n con periodos anteriores,<\/strong>\u00a0de acuerdo con estad\u00edsticas de la Fiscal\u00eda estatal.<\/p>\n<p>Mientras de enero a septiembre de 2019 se presentaron denuncias por la desaparici\u00f3n de tres mil 884 personas, en el mismo lapso de 2021 han sido dos mil 770, lo cual representa una disminuci\u00f3n de casi 30 por ciento.<\/p>\n<p>Tambi\u00e9n resalt\u00f3 que son menos las personas \u201cpendientes de localizar\u201d, pues si bien 2019 (a\u00f1o r\u00e9cord con m\u00e1s personas bajo este rubro) cerr\u00f3 con mil 911, en lo que va de este a\u00f1o suman mil 286. El porcentaje de localizaciones, a\u00f1adi\u00f3, pas\u00f3 de 80.6% en 2019 a 83.1 por ciento en este a\u00f1o.<\/p>\n<p>En cuanto al combate a los delitos de desaparici\u00f3n forzada de personas y desaparici\u00f3n de personas cometida por particulares, destac\u00f3 que en lo que va de su Gobierno se ha detenido a 59 servidores p\u00fablicos, se ha judicializado a 572 personas y se ha vinculado a proceso a 281, aunque no inform\u00f3 sobre alg\u00fan responsable con sentencia.<\/p>\n<p><a href=\"https:\/\/www.informador.mx\/jalisco\/Gobernador-omite-violencia-de-genero-en-informe-20211026-0047.html\">Fuentes<\/a><\/p>\n<\/div>\n<\/div>\n<\/div>\n<\/div>\n","protected":false},"excerpt":{"rendered":"<p>Olvida compartir estad\u00edsticas de violaciones y violencia familiar, que van al alza; subraya la baja en los delitos patrimoniales Por:\u00a0El Informador 26 de octubre de 2021 &#8211; 05:00 hs Sin compartir n\u00fameros, el gobernador admiti\u00f3 que la violencia de g\u00e9nero y la familiar van al alza. EL INFORMADOR\/Archivo En su tercer informe en materia de [&hellip;]<\/p>\n","protected":false},"author":4,"featured_media":708,"comment_status":"open","ping_status":"open","sticky":false,"template":"","format":"standard","meta":{"footnotes":""},"categories":[45],"tags":[],"class_list":["post-706","post","type-post","status-publish","format-standard","has-post-thumbnail","hentry","category-ultimas-noticias"],"aioseo_notices":[],"_links":{"self":[{"href":"https:\/\/jaliscoopina.mx\/index.php\/wp-json\/wp\/v2\/posts\/706","targetHints":{"allow":["GET"]}}],"collection":[{"href":"https:\/\/jaliscoopina.mx\/index.php\/wp-json\/wp\/v2\/posts"}],"about":[{"href":"https:\/\/jaliscoopina.mx\/index.php\/wp-json\/wp\/v2\/types\/post"}],"author":[{"embeddable":true,"href":"https:\/\/jaliscoopina.mx\/index.php\/wp-json\/wp\/v2\/users\/4"}],"replies":[{"embeddable":true,"href":"https:\/\/jaliscoopina.mx\/index.php\/wp-json\/wp\/v2\/comments?post=706"}],"version-history":[{"count":2,"href":"https:\/\/jaliscoopina.mx\/index.php\/wp-json\/wp\/v2\/posts\/706\/revisions"}],"predecessor-version":[{"id":709,"href":"https:\/\/jaliscoopina.mx\/index.php\/wp-json\/wp\/v2\/posts\/706\/revisions\/709"}],"wp:featuredmedia":[{"embeddable":true,"href":"https:\/\/jaliscoopina.mx\/index.php\/wp-json\/wp\/v2\/media\/708"}],"wp:attachment":[{"href":"https:\/\/jaliscoopina.mx\/index.php\/wp-json\/wp\/v2\/media?parent=706"}],"wp:term":[{"taxonomy":"category","embeddable":true,"href":"https:\/\/jaliscoopina.mx\/index.php\/wp-json\/wp\/v2\/categories?post=706"},{"taxonomy":"post_tag","embeddable":true,"href":"https:\/\/jaliscoopina.mx\/index.php\/wp-json\/wp\/v2\/tags?post=706"}],"curies":[{"name":"wp","href":"https:\/\/api.w.org\/{rel}","templated":true}]}}