{"id":694,"date":"2021-10-27T20:39:01","date_gmt":"2021-10-27T20:39:01","guid":{"rendered":"https:\/\/jaliscoopina.mx\/?p=694"},"modified":"2021-10-27T20:39:01","modified_gmt":"2021-10-27T20:39:01","slug":"dan-un-ano-de-prision-preventiva-a-yigal-por-muerte-de-tres-jovenes-tras-choque","status":"publish","type":"post","link":"https:\/\/jaliscoopina.mx\/index.php\/2021\/10\/27\/dan-un-ano-de-prision-preventiva-a-yigal-por-muerte-de-tres-jovenes-tras-choque\/","title":{"rendered":"Dan un a\u00f1o de prisi\u00f3n preventiva a Yigal por muerte de tres j\u00f3venes tras choque"},"content":{"rendered":"<div class=\"news-excerpt\">\n<p>El presunto responsable del accidente es acusado de los delitos de homicidio, y lesiones a t\u00edtulo de culpa grave y da\u00f1o en las cosas<\/p>\n<\/div>\n<div class=\"clearfix\">\n<div class=\"news-line\">\n<p class=\"news-author\">Por:\u00a0El Informador<\/p>\n<p><time class=\"news-date\" datetime=\"2021-26-10T14:00-06:00\">26 de octubre de 2021 &#8211; 14:00 hs<\/time><\/div>\n<div>Familiares se manifestaron durante la audiencia de Yigal \u00abN\u00bb. ESPECIAL \/<\/div>\n<div>\n<p>Yigal \u201cN\u201d, el joven se\u00f1alado por la muerte de tres j\u00f3venes tras el choque ocurrido el pasado 17 de octubre en la avenida L\u00f3pez Mateos Sur, fue vinculado a proceso este martes y enviado a prisi\u00f3n preventiva por un a\u00f1o.<\/p>\n<div>\n<figure class=\"image\"><img decoding=\"async\" title=\"\" src=\"https:\/\/www.informador.mx\/export\/sites\/elinformador\/img\/2021\/10\/26\/2_2.jpg_65307028.jpg\" alt=\"\" hspace=\"5\" vspace=\"5\" data-height=\"525\" data-size=\"w:1600,h:1200\" data-width=\"700\" \/><figcaption spellcheck=\"false\" data-gramm=\"false\">Familiares se manifestaron durante la audiencia de Yigal \u00abN\u00bb. ESPECIAL \/<\/figcaption><\/figure>\n<\/div>\n<p>Lo anterior, luego de la audiencia llevada a cabo por la jueza Er\u00e9ndira Mercado en los juzgados de Puente Grande, quien determin\u00f3 que\u00a0<strong>Yigal fuera vinculado tras ser acusado de los delitos de homicidio y lesiones a t\u00edtulo de culpa grave y da\u00f1o en las cosas<\/strong>.<\/p>\n<p>\u201cEstamos muy contentos con la decisi\u00f3n de la jueza Mercado toda vez que vincularon a juicio al inculpado y no pudo acreditar absolutamente nada, no present\u00f3 testigos y se qued\u00f3 en prisi\u00f3n preventiva\u201d, expres\u00f3 el asesor jur\u00eddico de las v\u00edctimas, Francisco Sandoval.<\/p>\n<ul>\n<li><strong><a href=\"https:\/\/www.informador.mx\/jalisco\/Yigal-N-Cancelaran-licencia-de-conducir-de-causante-de-accidente-en-Lopez-Mateos-20211025-0119.html\" target=\"_blank\" rel=\"noopener\">Yigal \u00abN\u00bb: Cancelar\u00e1n licencia de conducir de causante de accidente en L\u00f3pez Mateos<\/a><\/strong><\/li>\n<\/ul>\n<p>La audiencia inicial dur\u00f3 el total cinco horas, tras las cuales se lleg\u00f3 a la resoluci\u00f3n se\u00f1alada a fin de que se pueda continuar con la investigaci\u00f3n para determinar responsabilidades sin que el joven se d\u00e9 a la fuga.<\/p>\n<p>Adem\u00e1s de esto, ayer\u00a0<strong>la Secretar\u00eda de Transporte (Setrans) inform\u00f3 que inici\u00f3 el proceso de cancelaci\u00f3n de la licencia de conducir de Yigal \u201cN\u201d<\/strong>, \u201cpor tratarse de una causa justificada y de tal gravedad\u201d, por ello, una vez concluido el procedimiento judicial contra el joven, quedar\u00e1 cancelada.<\/p>\n<p>Brian, Edwin y Estefan\u00eda murieron el pasado 17 de octubre luego del percance vial ocurrido sobre la avenida L\u00f3pez Mateos Sur a la altura de la plaza comercial del Fraccionamiento La Rioja,\u00a0 en el que presuntamente particip\u00f3 Yigal \u201cN\u201d, quien al parecer conduc\u00eda a exceso de velocidad.<\/p>\n<ul>\n<li><strong><a href=\"https:\/\/www.informador.mx\/jalisco\/Manifestaciones-en-Jalisco-Marchan-por-los-tres-jovenes-muertos-en-accidente-de-Lopez-Mateos-20211024-0070.html\" target=\"_blank\" rel=\"noopener\">Marchan por los tres j\u00f3venes muertos en accidente vial; \u00abQueremos respuesta del gobernador\u00bb<\/a><\/strong><\/li>\n<\/ul>\n<p>GC<\/p>\n<p><a href=\"https:\/\/cb.run\/nlFq\">Fuentes<\/a><\/p>\n<\/div>\n<\/div>\n","protected":false},"excerpt":{"rendered":"<p>El presunto responsable del accidente es acusado de los delitos de homicidio, y lesiones a t\u00edtulo de culpa grave y da\u00f1o en las cosas Por:\u00a0El Informador 26 de octubre de 2021 &#8211; 14:00 hs Familiares se manifestaron durante la audiencia de Yigal \u00abN\u00bb. ESPECIAL \/ Yigal \u201cN\u201d, el joven se\u00f1alado por la muerte de tres [&hellip;]<\/p>\n","protected":false},"author":4,"featured_media":0,"comment_status":"open","ping_status":"open","sticky":false,"template":"","format":"standard","meta":{"footnotes":""},"categories":[45],"tags":[],"class_list":["post-694","post","type-post","status-publish","format-standard","hentry","category-ultimas-noticias"],"aioseo_notices":[],"_links":{"self":[{"href":"https:\/\/jaliscoopina.mx\/index.php\/wp-json\/wp\/v2\/posts\/694","targetHints":{"allow":["GET"]}}],"collection":[{"href":"https:\/\/jaliscoopina.mx\/index.php\/wp-json\/wp\/v2\/posts"}],"about":[{"href":"https:\/\/jaliscoopina.mx\/index.php\/wp-json\/wp\/v2\/types\/post"}],"author":[{"embeddable":true,"href":"https:\/\/jaliscoopina.mx\/index.php\/wp-json\/wp\/v2\/users\/4"}],"replies":[{"embeddable":true,"href":"https:\/\/jaliscoopina.mx\/index.php\/wp-json\/wp\/v2\/comments?post=694"}],"version-history":[{"count":1,"href":"https:\/\/jaliscoopina.mx\/index.php\/wp-json\/wp\/v2\/posts\/694\/revisions"}],"predecessor-version":[{"id":695,"href":"https:\/\/jaliscoopina.mx\/index.php\/wp-json\/wp\/v2\/posts\/694\/revisions\/695"}],"wp:attachment":[{"href":"https:\/\/jaliscoopina.mx\/index.php\/wp-json\/wp\/v2\/media?parent=694"}],"wp:term":[{"taxonomy":"category","embeddable":true,"href":"https:\/\/jaliscoopina.mx\/index.php\/wp-json\/wp\/v2\/categories?post=694"},{"taxonomy":"post_tag","embeddable":true,"href":"https:\/\/jaliscoopina.mx\/index.php\/wp-json\/wp\/v2\/tags?post=694"}],"curies":[{"name":"wp","href":"https:\/\/api.w.org\/{rel}","templated":true}]}}