{"id":2788,"date":"2022-09-15T02:28:41","date_gmt":"2022-09-15T02:28:41","guid":{"rendered":"https:\/\/jaliscoopina.mx\/?p=2788"},"modified":"2022-09-15T02:28:41","modified_gmt":"2022-09-15T02:28:41","slug":"alistan-mega-operativo-de-seguridad-para-el-grito-de-independencia-en-guadalajara","status":"publish","type":"post","link":"https:\/\/jaliscoopina.mx\/index.php\/2022\/09\/15\/alistan-mega-operativo-de-seguridad-para-el-grito-de-independencia-en-guadalajara\/","title":{"rendered":"Alistan mega operativo de seguridad para el Grito de Independencia en Guadalajara."},"content":{"rendered":"<p>Cientos de elementos de la Polic\u00eda de Guadalajara vigilar\u00e1n las fiestas patrias que comenzar\u00e1n ma\u00f1ana a las 18:00 horas en el Centro tapat\u00edo, Con motivo de la celebraci\u00f3n del <b>Grito de Independencia en el Centro Hist\u00f3rico<\/b> de la ciudad, la Polic\u00eda de Guadalajara\u00a0anunci\u00f3 que desplegar\u00e1 430 polic\u00edas y 200 cadetes de la Academia de Formaci\u00f3n y Profesionalizaci\u00f3n Policial\u00a0como parte del dispositivo de vigilancia.<\/p>\n<p>Dicho operativo comenzar\u00e1 a las 1<b>0:00 horas de este 15 de septiembre, con los 400 polic\u00edas <\/b>de la vigilancia habitual en el Centro Hist\u00f3rico, los cuales recorrer\u00e1n los puntos principales del primer cuadro de la ciudad, tanto a pie como en bicicletas Twizy y Segway.<\/p>\n<p>De acuerdo con la informaci\u00f3n oficial, el patrullaje estar\u00e1 presente principalmente en las zonas de Paseo Alcalde, Plaza de Armas, Plaza Guadalajara y Plaza Liberaci\u00f3n, as\u00ed como en los andadores y las estaciones del Tren Ligero, Macrob\u00fas y del transporte p\u00fablico m\u00e1s cercanas al primer cuadro del Centro de la ciudad.<\/p>\n<p><b>#SalarioRosa <\/b>#Ni\u00f1osH\u00e9roes<b> <\/b>#Martes13 #feminicidios #mujeres #transporte #tecnologia #codigoQR #educacion #jalisco #estafador<\/p>\n","protected":false},"excerpt":{"rendered":"<p>Cientos de elementos de la Polic\u00eda de Guadalajara vigilar\u00e1n las fiestas patrias que comenzar\u00e1n ma\u00f1ana a las 18:00 horas en el Centro tapat\u00edo, Con motivo de la celebraci\u00f3n del Grito de Independencia en el Centro Hist\u00f3rico de la ciudad, la Polic\u00eda de Guadalajara\u00a0anunci\u00f3 que desplegar\u00e1 430 polic\u00edas y 200 cadetes de la Academia de Formaci\u00f3n [&hellip;]<\/p>\n","protected":false},"author":4,"featured_media":2789,"comment_status":"open","ping_status":"open","sticky":false,"template":"","format":"standard","meta":{"footnotes":""},"categories":[52,64,45],"tags":[],"class_list":["post-2788","post","type-post","status-publish","format-standard","has-post-thumbnail","hentry","category-jalisco","category-seguridad","category-ultimas-noticias"],"aioseo_notices":[],"_links":{"self":[{"href":"https:\/\/jaliscoopina.mx\/index.php\/wp-json\/wp\/v2\/posts\/2788","targetHints":{"allow":["GET"]}}],"collection":[{"href":"https:\/\/jaliscoopina.mx\/index.php\/wp-json\/wp\/v2\/posts"}],"about":[{"href":"https:\/\/jaliscoopina.mx\/index.php\/wp-json\/wp\/v2\/types\/post"}],"author":[{"embeddable":true,"href":"https:\/\/jaliscoopina.mx\/index.php\/wp-json\/wp\/v2\/users\/4"}],"replies":[{"embeddable":true,"href":"https:\/\/jaliscoopina.mx\/index.php\/wp-json\/wp\/v2\/comments?post=2788"}],"version-history":[{"count":1,"href":"https:\/\/jaliscoopina.mx\/index.php\/wp-json\/wp\/v2\/posts\/2788\/revisions"}],"predecessor-version":[{"id":2790,"href":"https:\/\/jaliscoopina.mx\/index.php\/wp-json\/wp\/v2\/posts\/2788\/revisions\/2790"}],"wp:featuredmedia":[{"embeddable":true,"href":"https:\/\/jaliscoopina.mx\/index.php\/wp-json\/wp\/v2\/media\/2789"}],"wp:attachment":[{"href":"https:\/\/jaliscoopina.mx\/index.php\/wp-json\/wp\/v2\/media?parent=2788"}],"wp:term":[{"taxonomy":"category","embeddable":true,"href":"https:\/\/jaliscoopina.mx\/index.php\/wp-json\/wp\/v2\/categories?post=2788"},{"taxonomy":"post_tag","embeddable":true,"href":"https:\/\/jaliscoopina.mx\/index.php\/wp-json\/wp\/v2\/tags?post=2788"}],"curies":[{"name":"wp","href":"https:\/\/api.w.org\/{rel}","templated":true}]}}