{"id":2772,"date":"2022-09-08T18:05:20","date_gmt":"2022-09-08T18:05:20","guid":{"rendered":"https:\/\/jaliscoopina.mx\/?p=2772"},"modified":"2022-09-08T18:05:20","modified_gmt":"2022-09-08T18:05:20","slug":"se-desborda-arroyo-en-tepec-comunidad-de-amacueca-tras-fuertes-lluvias","status":"publish","type":"post","link":"https:\/\/jaliscoopina.mx\/index.php\/2022\/09\/08\/se-desborda-arroyo-en-tepec-comunidad-de-amacueca-tras-fuertes-lluvias\/","title":{"rendered":"Se desborda arroyo en Tepec, comunidad de Amacueca tras fuertes lluvias."},"content":{"rendered":"<p>De las siete viviendas con afectaciones, tres hogares presentan da\u00f1os en menaje, y la m\u00e1s inundada alcanz\u00f3 25 cent\u00edmetros de agua. Elementos de <b>la Secretar\u00eda de la Defensa Nacional (Sedena) y rescatistas de la Unidad Estatal de Protecci\u00f3n Civil y Bomberos del Estado de Jalisco (UEPCBJ) apoyaron ayer en la noche a la comunidad de Tepec<\/b>, del municipio de Amacueca por el desbordamiento de un arroyo tras las fuertes lluvias que se registraron en aquella zona. En total se presentaron afectaciones en siete viviendas, y se desalojaron 22 habitantes.<\/p>\n<p>#feminicidios #mujeres #transporte #tecnologia #codigoQR #educacion<span class=\"Apple-converted-space\">\u00a0 <\/span>#temblor #jalisco #huevo #felizjueves #aereopuerto #gdl #aviones<span class=\"Apple-converted-space\">\u00a0<\/span><\/p>\n","protected":false},"excerpt":{"rendered":"<p>De las siete viviendas con afectaciones, tres hogares presentan da\u00f1os en menaje, y la m\u00e1s inundada alcanz\u00f3 25 cent\u00edmetros de agua. Elementos de la Secretar\u00eda de la Defensa Nacional (Sedena) y rescatistas de la Unidad Estatal de Protecci\u00f3n Civil y Bomberos del Estado de Jalisco (UEPCBJ) apoyaron ayer en la noche a la comunidad de [&hellip;]<\/p>\n","protected":false},"author":4,"featured_media":2773,"comment_status":"open","ping_status":"open","sticky":false,"template":"","format":"standard","meta":{"footnotes":""},"categories":[52,45],"tags":[],"class_list":["post-2772","post","type-post","status-publish","format-standard","has-post-thumbnail","hentry","category-jalisco","category-ultimas-noticias"],"aioseo_notices":[],"_links":{"self":[{"href":"https:\/\/jaliscoopina.mx\/index.php\/wp-json\/wp\/v2\/posts\/2772","targetHints":{"allow":["GET"]}}],"collection":[{"href":"https:\/\/jaliscoopina.mx\/index.php\/wp-json\/wp\/v2\/posts"}],"about":[{"href":"https:\/\/jaliscoopina.mx\/index.php\/wp-json\/wp\/v2\/types\/post"}],"author":[{"embeddable":true,"href":"https:\/\/jaliscoopina.mx\/index.php\/wp-json\/wp\/v2\/users\/4"}],"replies":[{"embeddable":true,"href":"https:\/\/jaliscoopina.mx\/index.php\/wp-json\/wp\/v2\/comments?post=2772"}],"version-history":[{"count":1,"href":"https:\/\/jaliscoopina.mx\/index.php\/wp-json\/wp\/v2\/posts\/2772\/revisions"}],"predecessor-version":[{"id":2774,"href":"https:\/\/jaliscoopina.mx\/index.php\/wp-json\/wp\/v2\/posts\/2772\/revisions\/2774"}],"wp:featuredmedia":[{"embeddable":true,"href":"https:\/\/jaliscoopina.mx\/index.php\/wp-json\/wp\/v2\/media\/2773"}],"wp:attachment":[{"href":"https:\/\/jaliscoopina.mx\/index.php\/wp-json\/wp\/v2\/media?parent=2772"}],"wp:term":[{"taxonomy":"category","embeddable":true,"href":"https:\/\/jaliscoopina.mx\/index.php\/wp-json\/wp\/v2\/categories?post=2772"},{"taxonomy":"post_tag","embeddable":true,"href":"https:\/\/jaliscoopina.mx\/index.php\/wp-json\/wp\/v2\/tags?post=2772"}],"curies":[{"name":"wp","href":"https:\/\/api.w.org\/{rel}","templated":true}]}}