{"id":2744,"date":"2022-09-05T23:24:54","date_gmt":"2022-09-05T23:24:54","guid":{"rendered":"https:\/\/jaliscoopina.mx\/?p=2744"},"modified":"2022-09-05T23:24:54","modified_gmt":"2022-09-05T23:24:54","slug":"jalisco-relajan-uso-de-cubrebocas-en-transporte-publico","status":"publish","type":"post","link":"https:\/\/jaliscoopina.mx\/index.php\/2022\/09\/05\/jalisco-relajan-uso-de-cubrebocas-en-transporte-publico\/","title":{"rendered":"Jalisco relajan uso de cubrebocas en transporte p\u00fablico."},"content":{"rendered":"<p>La mascarilla es obligatoria hasta octubre en esos espacios para evitar la propagaci\u00f3n del COVID-19. Aunque el uso del cubrebocas es obligatorio como medida de protecci\u00f3n contra el COVID-19 en el transporte p\u00fablico y en los hospitales,<b> la mascarilla no se exige en los ingresos o se evade por parte de un sector de la poblaci\u00f3n<\/b>. En el Tren Ligero, por ejemplo, algunos usuarios no acatan la regla.<\/p>\n<p>\u201cHace mucho calor, no deber\u00eda ser obligatorio\u201d, apunta Rosa Vargas.<\/p>\n<p>En un recorrido en la L\u00ednea 1 del Tren Ligero, <b>al ingreso de la estaci\u00f3n El Refugio se constat\u00f3 ayer que de 25 personas que viajaban en un vag\u00f3n, 12 no tra\u00edan el cubrebocas o lo tra\u00edan mal puesto<\/b>.<\/p>\n<p>#jalisco #huevo #felizjueves #aereopuerto #gdl #aviones #feminicidios #mujeres #transporte #tecnologia #codigoQR #educacion<span class=\"Apple-converted-space\">\u00a0 <\/span>#temblor<\/p>\n","protected":false},"excerpt":{"rendered":"<p>La mascarilla es obligatoria hasta octubre en esos espacios para evitar la propagaci\u00f3n del COVID-19. Aunque el uso del cubrebocas es obligatorio como medida de protecci\u00f3n contra el COVID-19 en el transporte p\u00fablico y en los hospitales, la mascarilla no se exige en los ingresos o se evade por parte de un sector de la [&hellip;]<\/p>\n","protected":false},"author":4,"featured_media":2745,"comment_status":"open","ping_status":"open","sticky":false,"template":"","format":"standard","meta":{"footnotes":""},"categories":[52,45],"tags":[],"class_list":["post-2744","post","type-post","status-publish","format-standard","has-post-thumbnail","hentry","category-jalisco","category-ultimas-noticias"],"aioseo_notices":[],"_links":{"self":[{"href":"https:\/\/jaliscoopina.mx\/index.php\/wp-json\/wp\/v2\/posts\/2744","targetHints":{"allow":["GET"]}}],"collection":[{"href":"https:\/\/jaliscoopina.mx\/index.php\/wp-json\/wp\/v2\/posts"}],"about":[{"href":"https:\/\/jaliscoopina.mx\/index.php\/wp-json\/wp\/v2\/types\/post"}],"author":[{"embeddable":true,"href":"https:\/\/jaliscoopina.mx\/index.php\/wp-json\/wp\/v2\/users\/4"}],"replies":[{"embeddable":true,"href":"https:\/\/jaliscoopina.mx\/index.php\/wp-json\/wp\/v2\/comments?post=2744"}],"version-history":[{"count":1,"href":"https:\/\/jaliscoopina.mx\/index.php\/wp-json\/wp\/v2\/posts\/2744\/revisions"}],"predecessor-version":[{"id":2746,"href":"https:\/\/jaliscoopina.mx\/index.php\/wp-json\/wp\/v2\/posts\/2744\/revisions\/2746"}],"wp:featuredmedia":[{"embeddable":true,"href":"https:\/\/jaliscoopina.mx\/index.php\/wp-json\/wp\/v2\/media\/2745"}],"wp:attachment":[{"href":"https:\/\/jaliscoopina.mx\/index.php\/wp-json\/wp\/v2\/media?parent=2744"}],"wp:term":[{"taxonomy":"category","embeddable":true,"href":"https:\/\/jaliscoopina.mx\/index.php\/wp-json\/wp\/v2\/categories?post=2744"},{"taxonomy":"post_tag","embeddable":true,"href":"https:\/\/jaliscoopina.mx\/index.php\/wp-json\/wp\/v2\/tags?post=2744"}],"curies":[{"name":"wp","href":"https:\/\/api.w.org\/{rel}","templated":true}]}}