{"id":2729,"date":"2022-09-01T21:53:11","date_gmt":"2022-09-01T21:53:11","guid":{"rendered":"https:\/\/jaliscoopina.mx\/?p=2729"},"modified":"2022-09-01T21:53:11","modified_gmt":"2022-09-01T21:53:11","slug":"gobernador-de-jalisco-promete-que-no-habra-aumentos-en-el-transporte-publico","status":"publish","type":"post","link":"https:\/\/jaliscoopina.mx\/index.php\/2022\/09\/01\/gobernador-de-jalisco-promete-que-no-habra-aumentos-en-el-transporte-publico\/","title":{"rendered":"Gobernador de Jalisco promete que no habr\u00e1 aumentos en el transporte p\u00fablico."},"content":{"rendered":"<p>El mandatario estatal asegur\u00f3 que se trata de un esfuerzo para no afectar m\u00e1s la econom\u00eda de los jaliscienses. Pese a que la inflaci\u00f3n ha afectado la econom\u00eda de M\u00e9xico y de Jalisco, y con ello los insumos necesarios para la operaci\u00f3n del transporte p\u00fablico, no habr\u00e1 aumento a la tarifa, por lo menos hasta el final de este gobierno.<\/p>\n<p>As\u00ed lo dio a conocer el gobernador de Jalisco, quien asever\u00f3, se trata de un esfuerzo hecho para no afectar m\u00e1s la econom\u00eda de las y los jaliscienses, aunque asegur\u00f3, la tarifa actual ya es insostenible.<\/p>\n<p>#jalisco #huevo #felizjueves #aereopuerto #gdl #aviones #feminicidios #mujeres #transporte<\/p>\n","protected":false},"excerpt":{"rendered":"<p>El mandatario estatal asegur\u00f3 que se trata de un esfuerzo para no afectar m\u00e1s la econom\u00eda de los jaliscienses. Pese a que la inflaci\u00f3n ha afectado la econom\u00eda de M\u00e9xico y de Jalisco, y con ello los insumos necesarios para la operaci\u00f3n del transporte p\u00fablico, no habr\u00e1 aumento a la tarifa, por lo menos hasta [&hellip;]<\/p>\n","protected":false},"author":4,"featured_media":2730,"comment_status":"open","ping_status":"open","sticky":false,"template":"","format":"standard","meta":{"footnotes":""},"categories":[52,45],"tags":[],"class_list":["post-2729","post","type-post","status-publish","format-standard","has-post-thumbnail","hentry","category-jalisco","category-ultimas-noticias"],"aioseo_notices":[],"_links":{"self":[{"href":"https:\/\/jaliscoopina.mx\/index.php\/wp-json\/wp\/v2\/posts\/2729","targetHints":{"allow":["GET"]}}],"collection":[{"href":"https:\/\/jaliscoopina.mx\/index.php\/wp-json\/wp\/v2\/posts"}],"about":[{"href":"https:\/\/jaliscoopina.mx\/index.php\/wp-json\/wp\/v2\/types\/post"}],"author":[{"embeddable":true,"href":"https:\/\/jaliscoopina.mx\/index.php\/wp-json\/wp\/v2\/users\/4"}],"replies":[{"embeddable":true,"href":"https:\/\/jaliscoopina.mx\/index.php\/wp-json\/wp\/v2\/comments?post=2729"}],"version-history":[{"count":1,"href":"https:\/\/jaliscoopina.mx\/index.php\/wp-json\/wp\/v2\/posts\/2729\/revisions"}],"predecessor-version":[{"id":2731,"href":"https:\/\/jaliscoopina.mx\/index.php\/wp-json\/wp\/v2\/posts\/2729\/revisions\/2731"}],"wp:featuredmedia":[{"embeddable":true,"href":"https:\/\/jaliscoopina.mx\/index.php\/wp-json\/wp\/v2\/media\/2730"}],"wp:attachment":[{"href":"https:\/\/jaliscoopina.mx\/index.php\/wp-json\/wp\/v2\/media?parent=2729"}],"wp:term":[{"taxonomy":"category","embeddable":true,"href":"https:\/\/jaliscoopina.mx\/index.php\/wp-json\/wp\/v2\/categories?post=2729"},{"taxonomy":"post_tag","embeddable":true,"href":"https:\/\/jaliscoopina.mx\/index.php\/wp-json\/wp\/v2\/tags?post=2729"}],"curies":[{"name":"wp","href":"https:\/\/api.w.org\/{rel}","templated":true}]}}