{"id":2658,"date":"2022-08-19T00:45:26","date_gmt":"2022-08-19T00:45:26","guid":{"rendered":"https:\/\/jaliscoopina.mx\/?p=2658"},"modified":"2022-08-19T00:45:26","modified_gmt":"2022-08-19T00:45:26","slug":"pablo-lemus-sin-miedo-al-magistrado-se-siente-optimista","status":"publish","type":"post","link":"https:\/\/jaliscoopina.mx\/index.php\/2022\/08\/19\/pablo-lemus-sin-miedo-al-magistrado-se-siente-optimista\/","title":{"rendered":"Pablo Lemus\u00a0 sin miedo al magistrado se siente optimista."},"content":{"rendered":"<p><b>ITEI denunciara que su casa est\u00e1 rodeada por 20 patrullas, el alcalde asegur\u00f3 que \u00abs\u00f3lo quiere preocuparce de mas. Con los tel\u00e9fonos celulares es tan f\u00e1cil tomar una foto o un video. Es falso, lo que quiere es martirizarse.<\/b><\/p>\n<p>Aunque el Magistrado Presidente de la Cuarta Sala del Tribunal de Justicia Administrativa, Armando Garc\u00eda Estrada, afirm\u00f3 que su casa estaba rodeada por 20 patrullas de la Polic\u00eda de Guadalajara, el alcalde tapat\u00edo, Pablo Lemus, lo neg\u00f3.<\/p>\n<p>Ayer, el Instituto de Transparencia, Informaci\u00f3n P\u00fablica y Protecci\u00f3n de Datos Personales del Estado de Jalisco (ITEI) gir\u00f3 orden de arresto administrativo al Magistrado Presidente por incumplir la obligatoriedad de publicar las resoluciones del tribunal desde el a\u00f1o pasado.<\/p>\n<p>Ante ello, el alcalde afirm\u00f3 que recibieron el oficio del organismo solicitando el arresto por 12 horas por parte de la Polic\u00eda tapat\u00eda. E incluso, afirm\u00f3 que pregunt\u00f3 si el ITEI ten\u00eda esa facultad.<\/p>\n<p>#NoticiasdeHoy #Jalisco #AMLO #amor #lluvias #cartel #mencho #CJNG#PuertoVallarta #cerveza #tequila #covid #cuba #pemex #fofo #remus<\/p>\n","protected":false},"excerpt":{"rendered":"<p>ITEI denunciara que su casa est\u00e1 rodeada por 20 patrullas, el alcalde asegur\u00f3 que \u00abs\u00f3lo quiere preocuparce de mas. Con los tel\u00e9fonos celulares es tan f\u00e1cil tomar una foto o un video. Es falso, lo que quiere es martirizarse. Aunque el Magistrado Presidente de la Cuarta Sala del Tribunal de Justicia Administrativa, Armando Garc\u00eda Estrada, [&hellip;]<\/p>\n","protected":false},"author":4,"featured_media":2659,"comment_status":"open","ping_status":"open","sticky":false,"template":"","format":"standard","meta":{"footnotes":""},"categories":[52,45],"tags":[],"class_list":["post-2658","post","type-post","status-publish","format-standard","has-post-thumbnail","hentry","category-jalisco","category-ultimas-noticias"],"aioseo_notices":[],"_links":{"self":[{"href":"https:\/\/jaliscoopina.mx\/index.php\/wp-json\/wp\/v2\/posts\/2658","targetHints":{"allow":["GET"]}}],"collection":[{"href":"https:\/\/jaliscoopina.mx\/index.php\/wp-json\/wp\/v2\/posts"}],"about":[{"href":"https:\/\/jaliscoopina.mx\/index.php\/wp-json\/wp\/v2\/types\/post"}],"author":[{"embeddable":true,"href":"https:\/\/jaliscoopina.mx\/index.php\/wp-json\/wp\/v2\/users\/4"}],"replies":[{"embeddable":true,"href":"https:\/\/jaliscoopina.mx\/index.php\/wp-json\/wp\/v2\/comments?post=2658"}],"version-history":[{"count":1,"href":"https:\/\/jaliscoopina.mx\/index.php\/wp-json\/wp\/v2\/posts\/2658\/revisions"}],"predecessor-version":[{"id":2660,"href":"https:\/\/jaliscoopina.mx\/index.php\/wp-json\/wp\/v2\/posts\/2658\/revisions\/2660"}],"wp:featuredmedia":[{"embeddable":true,"href":"https:\/\/jaliscoopina.mx\/index.php\/wp-json\/wp\/v2\/media\/2659"}],"wp:attachment":[{"href":"https:\/\/jaliscoopina.mx\/index.php\/wp-json\/wp\/v2\/media?parent=2658"}],"wp:term":[{"taxonomy":"category","embeddable":true,"href":"https:\/\/jaliscoopina.mx\/index.php\/wp-json\/wp\/v2\/categories?post=2658"},{"taxonomy":"post_tag","embeddable":true,"href":"https:\/\/jaliscoopina.mx\/index.php\/wp-json\/wp\/v2\/tags?post=2658"}],"curies":[{"name":"wp","href":"https:\/\/api.w.org\/{rel}","templated":true}]}}