{"id":2652,"date":"2022-08-17T23:45:17","date_gmt":"2022-08-17T23:45:17","guid":{"rendered":"https:\/\/jaliscoopina.mx\/?p=2652"},"modified":"2022-08-17T23:45:17","modified_gmt":"2022-08-17T23:45:17","slug":"apoyo-del-gobierno-a-la-udeg-es-un-montaje-ricardo-villanueva","status":"publish","type":"post","link":"https:\/\/jaliscoopina.mx\/index.php\/2022\/08\/17\/apoyo-del-gobierno-a-la-udeg-es-un-montaje-ricardo-villanueva\/","title":{"rendered":"Apoyo del Gobierno a la UdeG es un \u00abmontaje\u00bb: Ricardo Villanueva."},"content":{"rendered":"<p>A trav\u00e9s de redes sociales, el rector de la UdeG acus\u00f3 al gobernador de realizar obras con la bolsa de presupuesto etiquetada desde diciembre del 2021. Aunque esta semana el gobernador ha arrancado obras en favor de la Universidad de Guadalajara y afirm\u00f3 que su administraci\u00f3n ha demostrado compromiso con la misma, <b>el rector general de la Casa de Estudios, Ricardo Villanueva, afirm\u00f3 que el apoyo es un \u201cmontaje\u201d.<\/b><\/p>\n<p>\u201cFelicidades a las y los universitarios, hemos logrado que el gobernador tenga a la universidad como prioridad en su agenda y discurso. <b>Lamentablemente no es as\u00ed en la realidad presupuestal, es de admirar el tama\u00f1o del teatro montado para aparentar un supuesto apoyo a la #UdeG<\/b>, cuando la realidad, es que las obras est\u00e1n siendo realizadas, como ya lo aclararon los diputados, con la bolsa de presupuesto etiquetada desde diciembre 2021!! De hecho, esta partida est\u00e1 en su peor a\u00f1o. Ojal\u00e1 y pronto el apoyo a la universidad sea real y no un simple montaje\u201d, dijo Villanueva en redes sociales.<\/p>\n<p>#NoticiasdeHoy #Jalisco #AMLO #amor #lluvias #cartel #mencho #CJNG#PuertoVallarta #cerveza #tequila #covid #cuba #pemex #fofo #remus<\/p>\n","protected":false},"excerpt":{"rendered":"<p>A trav\u00e9s de redes sociales, el rector de la UdeG acus\u00f3 al gobernador de realizar obras con la bolsa de presupuesto etiquetada desde diciembre del 2021. Aunque esta semana el gobernador ha arrancado obras en favor de la Universidad de Guadalajara y afirm\u00f3 que su administraci\u00f3n ha demostrado compromiso con la misma, el rector general [&hellip;]<\/p>\n","protected":false},"author":4,"featured_media":2653,"comment_status":"open","ping_status":"open","sticky":false,"template":"","format":"standard","meta":{"footnotes":""},"categories":[52,45],"tags":[],"class_list":["post-2652","post","type-post","status-publish","format-standard","has-post-thumbnail","hentry","category-jalisco","category-ultimas-noticias"],"aioseo_notices":[],"_links":{"self":[{"href":"https:\/\/jaliscoopina.mx\/index.php\/wp-json\/wp\/v2\/posts\/2652","targetHints":{"allow":["GET"]}}],"collection":[{"href":"https:\/\/jaliscoopina.mx\/index.php\/wp-json\/wp\/v2\/posts"}],"about":[{"href":"https:\/\/jaliscoopina.mx\/index.php\/wp-json\/wp\/v2\/types\/post"}],"author":[{"embeddable":true,"href":"https:\/\/jaliscoopina.mx\/index.php\/wp-json\/wp\/v2\/users\/4"}],"replies":[{"embeddable":true,"href":"https:\/\/jaliscoopina.mx\/index.php\/wp-json\/wp\/v2\/comments?post=2652"}],"version-history":[{"count":1,"href":"https:\/\/jaliscoopina.mx\/index.php\/wp-json\/wp\/v2\/posts\/2652\/revisions"}],"predecessor-version":[{"id":2654,"href":"https:\/\/jaliscoopina.mx\/index.php\/wp-json\/wp\/v2\/posts\/2652\/revisions\/2654"}],"wp:featuredmedia":[{"embeddable":true,"href":"https:\/\/jaliscoopina.mx\/index.php\/wp-json\/wp\/v2\/media\/2653"}],"wp:attachment":[{"href":"https:\/\/jaliscoopina.mx\/index.php\/wp-json\/wp\/v2\/media?parent=2652"}],"wp:term":[{"taxonomy":"category","embeddable":true,"href":"https:\/\/jaliscoopina.mx\/index.php\/wp-json\/wp\/v2\/categories?post=2652"},{"taxonomy":"post_tag","embeddable":true,"href":"https:\/\/jaliscoopina.mx\/index.php\/wp-json\/wp\/v2\/tags?post=2652"}],"curies":[{"name":"wp","href":"https:\/\/api.w.org\/{rel}","templated":true}]}}