{"id":2646,"date":"2022-08-16T23:33:08","date_gmt":"2022-08-16T23:33:08","guid":{"rendered":"https:\/\/jaliscoopina.mx\/?p=2646"},"modified":"2022-08-16T23:33:08","modified_gmt":"2022-08-16T23:33:08","slug":"la-orquesta-sinfonica-infantil-do-re-mi-busca-nuevos-talentos","status":"publish","type":"post","link":"https:\/\/jaliscoopina.mx\/index.php\/2022\/08\/16\/la-orquesta-sinfonica-infantil-do-re-mi-busca-nuevos-talentos\/","title":{"rendered":"La Orquesta Sinf\u00f3nica Infantil \u201cDo, Re, Mi\u00bb busca nuevos talentos."},"content":{"rendered":"<p>La convocatoria est\u00e1 dirigida a la poblaci\u00f3n de entre los 6 y 17 a\u00f1os de edad. El Gobierno de Zapopan abre la convocatoria a ni\u00f1as, ni\u00f1os y adolescentes para formar parte de la Orquesta Sinf\u00f3nica Infantil \u201cDo, Re, Mi\u00bb de Zapopan; tengas o no experiencia podr\u00e1s ser parte de la m\u00e1xima tribuna infantil cultural.<\/p>\n<p>Adem\u00e1s, servir\u00e1 como plataforma para escalar entre los grupos musicales del municipio como es la Orquesta Juvenil y la Orquesta de C\u00e1mara de Zapopan.<\/p>\n<p>La convocatoria est\u00e1 dirigida a la poblaci\u00f3n de entre los 6 y 17 a\u00f1os de edad.<\/p>\n<p>El director de la Orquesta Sinf\u00f3nica, Daniel Lona Reyes, se\u00f1al\u00f3 de algunos requisitos y posibles limitaciones que se podr\u00eda tener para seleccionar a las y los participantes.<\/p>\n<p>\u201cB\u00e1sicamente el \u00fanico criterio de elegibilidad ser\u00e1 la edad, que cuenten entre 6 y 17 a\u00f1os, c\u00f3mo se seleccionar\u00e1n a los participantes, como no hay una audici\u00f3n no hay un examen que se aplique se tomar\u00e1 en cuenta el orden cronol\u00f3gico conforme ellos vayan aplicando a la convocatoria y sujeto a la disponibilidad de los instrumentos, el \u00fanico l\u00edmite ser\u00eda el tiempo de los maestros y los espacios de los salones\u201d.<\/p>\n<p>Aun as\u00ed el \u00fanico requisito personal ser\u00e1 \u201cque tengan el deseo de aprender a tocar un instrumento, o que ya lo toquen y que quieran ser parte de esta orquesta\u201d.<\/p>\n<p>Por su parte, el presidente municipal de Zapopan, Juan Jos\u00e9 Frangie, reiter\u00f3 que la administraci\u00f3n le apuesta a la cultura desde edades tempranas.<\/p>\n<p>Las y los interesados en formar parte de esta Orquesta podr\u00e1n solicitar informes en: orquestainfantilzapopan@gmail.com, Centro Cultural Constituci\u00f3n en Manuel M. Di\u00e9guez #369, Col. Constituci\u00f3n o comunicarse al 3310169801 o 3324418925.<\/p>\n<p>La convocatoria estar\u00e1 abierta del 16 al 31 de agosto. Los resultados ser\u00e1n publicados el 2 de septiembre.<\/p>\n<p>#NoticiasdeHoy #Jalisco #AMLO #amor #lluvias #cartel #mencho #CJNG#PuertoVallarta #cerveza #tequila #covid #cuba #pemex #fofo #remus<\/p>\n","protected":false},"excerpt":{"rendered":"<p>La convocatoria est\u00e1 dirigida a la poblaci\u00f3n de entre los 6 y 17 a\u00f1os de edad. El Gobierno de Zapopan abre la convocatoria a ni\u00f1as, ni\u00f1os y adolescentes para formar parte de la Orquesta Sinf\u00f3nica Infantil \u201cDo, Re, Mi\u00bb de Zapopan; tengas o no experiencia podr\u00e1s ser parte de la m\u00e1xima tribuna infantil cultural. Adem\u00e1s, [&hellip;]<\/p>\n","protected":false},"author":4,"featured_media":2647,"comment_status":"open","ping_status":"open","sticky":false,"template":"","format":"standard","meta":{"footnotes":""},"categories":[49,47,52,45],"tags":[],"class_list":["post-2646","post","type-post","status-publish","format-standard","has-post-thumbnail","hentry","category-entretenimiento","category-guadalajara","category-jalisco","category-ultimas-noticias"],"aioseo_notices":[],"_links":{"self":[{"href":"https:\/\/jaliscoopina.mx\/index.php\/wp-json\/wp\/v2\/posts\/2646","targetHints":{"allow":["GET"]}}],"collection":[{"href":"https:\/\/jaliscoopina.mx\/index.php\/wp-json\/wp\/v2\/posts"}],"about":[{"href":"https:\/\/jaliscoopina.mx\/index.php\/wp-json\/wp\/v2\/types\/post"}],"author":[{"embeddable":true,"href":"https:\/\/jaliscoopina.mx\/index.php\/wp-json\/wp\/v2\/users\/4"}],"replies":[{"embeddable":true,"href":"https:\/\/jaliscoopina.mx\/index.php\/wp-json\/wp\/v2\/comments?post=2646"}],"version-history":[{"count":1,"href":"https:\/\/jaliscoopina.mx\/index.php\/wp-json\/wp\/v2\/posts\/2646\/revisions"}],"predecessor-version":[{"id":2648,"href":"https:\/\/jaliscoopina.mx\/index.php\/wp-json\/wp\/v2\/posts\/2646\/revisions\/2648"}],"wp:featuredmedia":[{"embeddable":true,"href":"https:\/\/jaliscoopina.mx\/index.php\/wp-json\/wp\/v2\/media\/2647"}],"wp:attachment":[{"href":"https:\/\/jaliscoopina.mx\/index.php\/wp-json\/wp\/v2\/media?parent=2646"}],"wp:term":[{"taxonomy":"category","embeddable":true,"href":"https:\/\/jaliscoopina.mx\/index.php\/wp-json\/wp\/v2\/categories?post=2646"},{"taxonomy":"post_tag","embeddable":true,"href":"https:\/\/jaliscoopina.mx\/index.php\/wp-json\/wp\/v2\/tags?post=2646"}],"curies":[{"name":"wp","href":"https:\/\/api.w.org\/{rel}","templated":true}]}}