{"id":2643,"date":"2022-08-16T23:31:13","date_gmt":"2022-08-16T23:31:13","guid":{"rendered":"https:\/\/jaliscoopina.mx\/?p=2643"},"modified":"2022-08-16T23:31:13","modified_gmt":"2022-08-16T23:31:13","slug":"estudiantes-de-la-udeg-estrenan-el-podcast-hablame-de-ciencia","status":"publish","type":"post","link":"https:\/\/jaliscoopina.mx\/index.php\/2022\/08\/16\/estudiantes-de-la-udeg-estrenan-el-podcast-hablame-de-ciencia\/","title":{"rendered":"Estudiantes de la UdeG estrenan el podcast \u00abH\u00e1blame de ciencia\u201d."},"content":{"rendered":"<p>Todos los martes, Aldo y Lizette presentar\u00e1n este podcast donde invitar\u00e1n a inventores, cient\u00edficos, acad\u00e9micos, emprendedores, comediantes y m\u00e1s. Aldo y Lizette, estudiantes del Centro Universitario de Ciencias Exactas e Ingenier\u00edas (CUCEI), de la UdeG, estrenaron el podcast \u201cH\u00e1blame de ciencia\u201d, con el cual buscan llevar al p\u00fablico charlas llenas de humor, mucha curiosidad y temas que muchas veces no est\u00e1n en el radar.<\/p>\n<p>Los j\u00f3venes alumnos estar\u00e1n acompa\u00f1ados en su podcast, que estrenar\u00e1 episodio cada martes, de inventores, cient\u00edficos, acad\u00e9micos, emprendedores, comediantes y m\u00e1s.<\/p>\n<p>\u201cTodo lo que hemos grabado ha sido con coraz\u00f3n. Nuestras dudas lo hacen m\u00e1s genuino, pues adem\u00e1s tambi\u00e9n estamos aprendiendo de lo que nos est\u00e1n contando. <b>En YouTube podr\u00e1n ver nuestra cara de duda de si el multiverso de Marvel existe, o si estamos ahorrando bien<\/b>\u201d, expres\u00f3 Lizette Orozco Rosales, quien cursa Ingenier\u00eda Qu\u00edmica.<\/p>\n<p>Por su parte, Aldo Carriola Navarro, estudiante de Ingenier\u00eda en Computaci\u00f3n, afirm\u00f3: \u201cestoy fascinado de que ya vaya a salir esto. Se lo platicaba a unos amigos y me dec\u00edan, \u2018qu\u00e9 bueno que se hace un podcast as\u00ed\u2019, porque sinceramente estos temas de ciencia se abordan de manera muy formal y no lo vemos como algo cotidiano\u201d.<\/p>\n<p>Ser\u00e1 desde hoy martes 16 de agosto cuando inicie \u201cH\u00e1blame de ciencia\u201d. La primera temporada tendr\u00e1 20 episodios y estar\u00e1 disponible en plataformas de streaming como Spotify, YouTube, Amazon Music, Apple Podcast y Deezer, o tambi\u00e9n en <a href=\"http:\/\/www.gaceta.udg.mx\/hablame-de-ciencia\/\"><b>www.gaceta.udg.mx\/hablame-de-ciencia\/.<\/b><\/a><\/p>\n<p>#NoticiasdeHoy #Jalisco #AMLO #amor #lluvias #cartel #mencho #CJNG#PuertoVallarta #cerveza #tequila #covid #cuba #pemex #fofo #remus<\/p>\n","protected":false},"excerpt":{"rendered":"<p>Todos los martes, Aldo y Lizette presentar\u00e1n este podcast donde invitar\u00e1n a inventores, cient\u00edficos, acad\u00e9micos, emprendedores, comediantes y m\u00e1s. Aldo y Lizette, estudiantes del Centro Universitario de Ciencias Exactas e Ingenier\u00edas (CUCEI), de la UdeG, estrenaron el podcast \u201cH\u00e1blame de ciencia\u201d, con el cual buscan llevar al p\u00fablico charlas llenas de humor, mucha curiosidad y [&hellip;]<\/p>\n","protected":false},"author":4,"featured_media":2644,"comment_status":"open","ping_status":"open","sticky":false,"template":"","format":"standard","meta":{"footnotes":""},"categories":[49,52,45],"tags":[],"class_list":["post-2643","post","type-post","status-publish","format-standard","has-post-thumbnail","hentry","category-entretenimiento","category-jalisco","category-ultimas-noticias"],"aioseo_notices":[],"_links":{"self":[{"href":"https:\/\/jaliscoopina.mx\/index.php\/wp-json\/wp\/v2\/posts\/2643","targetHints":{"allow":["GET"]}}],"collection":[{"href":"https:\/\/jaliscoopina.mx\/index.php\/wp-json\/wp\/v2\/posts"}],"about":[{"href":"https:\/\/jaliscoopina.mx\/index.php\/wp-json\/wp\/v2\/types\/post"}],"author":[{"embeddable":true,"href":"https:\/\/jaliscoopina.mx\/index.php\/wp-json\/wp\/v2\/users\/4"}],"replies":[{"embeddable":true,"href":"https:\/\/jaliscoopina.mx\/index.php\/wp-json\/wp\/v2\/comments?post=2643"}],"version-history":[{"count":1,"href":"https:\/\/jaliscoopina.mx\/index.php\/wp-json\/wp\/v2\/posts\/2643\/revisions"}],"predecessor-version":[{"id":2645,"href":"https:\/\/jaliscoopina.mx\/index.php\/wp-json\/wp\/v2\/posts\/2643\/revisions\/2645"}],"wp:featuredmedia":[{"embeddable":true,"href":"https:\/\/jaliscoopina.mx\/index.php\/wp-json\/wp\/v2\/media\/2644"}],"wp:attachment":[{"href":"https:\/\/jaliscoopina.mx\/index.php\/wp-json\/wp\/v2\/media?parent=2643"}],"wp:term":[{"taxonomy":"category","embeddable":true,"href":"https:\/\/jaliscoopina.mx\/index.php\/wp-json\/wp\/v2\/categories?post=2643"},{"taxonomy":"post_tag","embeddable":true,"href":"https:\/\/jaliscoopina.mx\/index.php\/wp-json\/wp\/v2\/tags?post=2643"}],"curies":[{"name":"wp","href":"https:\/\/api.w.org\/{rel}","templated":true}]}}