{"id":2631,"date":"2022-08-13T23:48:15","date_gmt":"2022-08-13T23:48:15","guid":{"rendered":"https:\/\/jaliscoopina.mx\/?p=2631"},"modified":"2022-08-13T23:48:15","modified_gmt":"2022-08-13T23:48:15","slug":"jovenes-de-la-iglesia-catolica-viven-la-ii-jornada-nacional-de-la-juventud-guadalajara-2022","status":"publish","type":"post","link":"https:\/\/jaliscoopina.mx\/index.php\/2022\/08\/13\/jovenes-de-la-iglesia-catolica-viven-la-ii-jornada-nacional-de-la-juventud-guadalajara-2022\/","title":{"rendered":"J\u00f3venes de la Iglesia Cat\u00f3lica viven la II Jornada Nacional de la Juventud Guadalajara 2022."},"content":{"rendered":"<p>Los organizadores del evento religioso, que concluye ma\u00f1ana, esperan en total recibir a cinco mil asistentes. Las instalaciones deportivas de la Universidad Aut\u00f3noma de Guadalajara son sede de la II Jornada Nacional de la Juventud Guadalajara 2022, evento organizado por la Dimensi\u00f3n Episcopal Mexicana de Pastoral de Adolescentes, <b>con m\u00faltiples eventos eucar\u00edsticos, de vigilia, oraci\u00f3n, conciertos y c\u00e1nticos.<\/b> Esperan en total recibir a cinco mil asistentes, los cuales los separan por grupos para interactuar en las diferentes din\u00e1micas.<\/p>\n<p>Luis Eduardo Guti\u00e9rrez Santacruz, presb\u00edtero asesor de la pastoral de adolescentes y organizador del evento, resalt\u00f3 tres puntos importantes de la jornada.<\/p>\n<p>\u201c<b>El evento est\u00e1 previsto para cinco mil j\u00f3venes<\/b> y desde ayer comenzaron a llegar las distintas delegaciones y arquidi\u00f3cesis del pa\u00eds, 73 son las que participan. Para todas las jornadas se piden tres elementos fundamentales: primero que haya catequesis como hubo en el panel que valoremos temas en concreto, el segundo elemento es una cuesti\u00f3n celebrativa, tendremos en la tarde una vigilia, el d\u00eda de ma\u00f1ana la misa de clausura y el tercer elemento ser\u00e1 una manifestaci\u00f3n p\u00fablica de la fe, tendremos ma\u00f1ana una marcha\u201d.<\/p>\n<p>#NoticiasdeHoy #Jalisco #AMLO #amor #lluvias #cartel #mencho #CJNG#PuertoVallarta #cerveza #tequila #covid #cuba #pemex #fofo #remus<\/p>\n","protected":false},"excerpt":{"rendered":"<p>Los organizadores del evento religioso, que concluye ma\u00f1ana, esperan en total recibir a cinco mil asistentes. Las instalaciones deportivas de la Universidad Aut\u00f3noma de Guadalajara son sede de la II Jornada Nacional de la Juventud Guadalajara 2022, evento organizado por la Dimensi\u00f3n Episcopal Mexicana de Pastoral de Adolescentes, con m\u00faltiples eventos eucar\u00edsticos, de vigilia, oraci\u00f3n, [&hellip;]<\/p>\n","protected":false},"author":4,"featured_media":2632,"comment_status":"open","ping_status":"open","sticky":false,"template":"","format":"standard","meta":{"footnotes":""},"categories":[45],"tags":[],"class_list":["post-2631","post","type-post","status-publish","format-standard","has-post-thumbnail","hentry","category-ultimas-noticias"],"aioseo_notices":[],"_links":{"self":[{"href":"https:\/\/jaliscoopina.mx\/index.php\/wp-json\/wp\/v2\/posts\/2631","targetHints":{"allow":["GET"]}}],"collection":[{"href":"https:\/\/jaliscoopina.mx\/index.php\/wp-json\/wp\/v2\/posts"}],"about":[{"href":"https:\/\/jaliscoopina.mx\/index.php\/wp-json\/wp\/v2\/types\/post"}],"author":[{"embeddable":true,"href":"https:\/\/jaliscoopina.mx\/index.php\/wp-json\/wp\/v2\/users\/4"}],"replies":[{"embeddable":true,"href":"https:\/\/jaliscoopina.mx\/index.php\/wp-json\/wp\/v2\/comments?post=2631"}],"version-history":[{"count":1,"href":"https:\/\/jaliscoopina.mx\/index.php\/wp-json\/wp\/v2\/posts\/2631\/revisions"}],"predecessor-version":[{"id":2633,"href":"https:\/\/jaliscoopina.mx\/index.php\/wp-json\/wp\/v2\/posts\/2631\/revisions\/2633"}],"wp:featuredmedia":[{"embeddable":true,"href":"https:\/\/jaliscoopina.mx\/index.php\/wp-json\/wp\/v2\/media\/2632"}],"wp:attachment":[{"href":"https:\/\/jaliscoopina.mx\/index.php\/wp-json\/wp\/v2\/media?parent=2631"}],"wp:term":[{"taxonomy":"category","embeddable":true,"href":"https:\/\/jaliscoopina.mx\/index.php\/wp-json\/wp\/v2\/categories?post=2631"},{"taxonomy":"post_tag","embeddable":true,"href":"https:\/\/jaliscoopina.mx\/index.php\/wp-json\/wp\/v2\/tags?post=2631"}],"curies":[{"name":"wp","href":"https:\/\/api.w.org\/{rel}","templated":true}]}}