{"id":2551,"date":"2022-08-01T16:54:46","date_gmt":"2022-08-01T16:54:46","guid":{"rendered":"https:\/\/jaliscoopina.mx\/?p=2551"},"modified":"2022-08-01T16:54:46","modified_gmt":"2022-08-01T16:54:46","slug":"paritaristas-ponen-queja-frente-a-cedhj-y-exigen-disculpas-publicas-por-caso-luz-raquel","status":"publish","type":"post","link":"https:\/\/jaliscoopina.mx\/index.php\/2022\/08\/01\/paritaristas-ponen-queja-frente-a-cedhj-y-exigen-disculpas-publicas-por-caso-luz-raquel\/","title":{"rendered":"Paritaristas ponen queja frente a CEDHJ y exigen disculpas p\u00fablicas por caso Luz Raquel."},"content":{"rendered":"<p>Exigen que se investigue qui\u00e9nes fueron los servidores p\u00fablicos omisos. Por las omisiones en la situaci\u00f3n de Luz Raquel Padilla, quien ha sido quemada el 16 de julio en la colonia Arcos de Zapopan y muri\u00f3 3 d\u00edas luego, Las Paritaristas presentaron una queja en la Comisi\u00f3n Estatal de Derechos Humanos de Jalisco (CEDHJ).<\/p>\n<p>Adem\u00e1s, clausuraron los inmuebles del Ayuntamiento de Zapopan, la Comisar\u00eda Municipal del mismo municipio y Palacio de Regimen.<\/p>\n<p>Sin embargo adem\u00e1s exigieron unas disculpas p\u00fablicas al mandatario municipal, Juan Jos\u00e9 Frangie y pronunciamiento al resto de las autoridades relacionadas.<\/p>\n<p>Nancy Casta\u00f1eda, vocera de Las Paritaristas, indic\u00f3 que a cada v\u00edctima se le deber\u00eda hacer una estrategia particular, puesto que no se puede situar una estrategia gen\u00e9rico para cada una de.<\/p>\n<p>\u00abPedimos disculpas p\u00fablicas del mismo tama\u00f1o de las declaraciones que otorg\u00f3. Debe ser una disculpa con el mismo alcance y mismos medios de comunicaci\u00f3n. Y realizando que tus propios servidores p\u00fablicos que compartieron la revictimizaci\u00f3n adem\u00e1s compartan la disculpa p\u00fablica\u00bb, manifest\u00f3.<\/p>\n<p>#NoticiasdeHoy #Jalisco #AMLO #amor<\/p>\n","protected":false},"excerpt":{"rendered":"<p>Exigen que se investigue qui\u00e9nes fueron los servidores p\u00fablicos omisos. Por las omisiones en la situaci\u00f3n de Luz Raquel Padilla, quien ha sido quemada el 16 de julio en la colonia Arcos de Zapopan y muri\u00f3 3 d\u00edas luego, Las Paritaristas presentaron una queja en la Comisi\u00f3n Estatal de Derechos Humanos de Jalisco (CEDHJ). Adem\u00e1s, [&hellip;]<\/p>\n","protected":false},"author":4,"featured_media":2552,"comment_status":"open","ping_status":"open","sticky":false,"template":"","format":"standard","meta":{"footnotes":""},"categories":[45],"tags":[],"class_list":["post-2551","post","type-post","status-publish","format-standard","has-post-thumbnail","hentry","category-ultimas-noticias"],"aioseo_notices":[],"_links":{"self":[{"href":"https:\/\/jaliscoopina.mx\/index.php\/wp-json\/wp\/v2\/posts\/2551","targetHints":{"allow":["GET"]}}],"collection":[{"href":"https:\/\/jaliscoopina.mx\/index.php\/wp-json\/wp\/v2\/posts"}],"about":[{"href":"https:\/\/jaliscoopina.mx\/index.php\/wp-json\/wp\/v2\/types\/post"}],"author":[{"embeddable":true,"href":"https:\/\/jaliscoopina.mx\/index.php\/wp-json\/wp\/v2\/users\/4"}],"replies":[{"embeddable":true,"href":"https:\/\/jaliscoopina.mx\/index.php\/wp-json\/wp\/v2\/comments?post=2551"}],"version-history":[{"count":1,"href":"https:\/\/jaliscoopina.mx\/index.php\/wp-json\/wp\/v2\/posts\/2551\/revisions"}],"predecessor-version":[{"id":2553,"href":"https:\/\/jaliscoopina.mx\/index.php\/wp-json\/wp\/v2\/posts\/2551\/revisions\/2553"}],"wp:featuredmedia":[{"embeddable":true,"href":"https:\/\/jaliscoopina.mx\/index.php\/wp-json\/wp\/v2\/media\/2552"}],"wp:attachment":[{"href":"https:\/\/jaliscoopina.mx\/index.php\/wp-json\/wp\/v2\/media?parent=2551"}],"wp:term":[{"taxonomy":"category","embeddable":true,"href":"https:\/\/jaliscoopina.mx\/index.php\/wp-json\/wp\/v2\/categories?post=2551"},{"taxonomy":"post_tag","embeddable":true,"href":"https:\/\/jaliscoopina.mx\/index.php\/wp-json\/wp\/v2\/tags?post=2551"}],"curies":[{"name":"wp","href":"https:\/\/api.w.org\/{rel}","templated":true}]}}