{"id":2536,"date":"2022-07-26T14:32:01","date_gmt":"2022-07-26T14:32:01","guid":{"rendered":"https:\/\/jaliscoopina.mx\/?p=2536"},"modified":"2022-07-26T14:32:01","modified_gmt":"2022-07-26T14:32:01","slug":"centro-de-rehabilitacion-en-el-cual-asesinaron-a-6-personas-poseia-2-anos-operando","status":"publish","type":"post","link":"https:\/\/jaliscoopina.mx\/index.php\/2022\/07\/26\/centro-de-rehabilitacion-en-el-cual-asesinaron-a-6-personas-poseia-2-anos-operando\/","title":{"rendered":"Centro de rehabilitaci\u00f3n en el cual asesinaron a 6 personas pose\u00eda 2 a\u00f1os operando."},"content":{"rendered":"<p>La embestida gener\u00f3 miedo entre los vecinos de La Cofrad\u00eda. El homicidio de 6 personas en un centro de rehabilitaci\u00f3n de la colonia La Cofrad\u00eda, en Tlaquepaque produce sensaci\u00f3n de miedo entre los vecinos.<\/p>\n<p>Pobladores del \u00e1rea se\u00f1alan que dicho centro nombrado Cerco de Vida, pose\u00eda alrededor de 2 a\u00f1os de operaci\u00f3n y no hab\u00eda tenido incidencias, hasta que la noche del domingo sujetos encapuchados ingresaron y dispararon en oposici\u00f3n a 5 hombres y una dama que perdieron la vida.<\/p>\n<p>Seg\u00fan los pobladores del sitio, los agresores llegaron preguntando por un individuo con el alias del Cubetas, abrieron fuego en oposici\u00f3n a sus v\u00edctimas y huyeron.<\/p>\n<p>En tanto que los vecinos se metieron a sus viviendas para protegerse al o\u00edr los disparos.<\/p>\n<p>\u00abLa misma gente de aqu\u00ed coment\u00f3 que estaban tirando balazos para que se metan. Nos metimos de volada, \u00edbamos llegando, abriendo la puerta una vez que nos mencionaron que estaban tirando balazos. Poco despu\u00e9s motos, autom\u00f3viles y las patrullas por todos lados y nos metimos a descansar\u00bb, describi\u00f3 un hombre que solicit\u00f3 el anonimato.<\/p>\n<p>Los entrevistados comentaron que com\u00fanmente la colonia es tranquila, reconocieron lo sucedido anoche les crea miedo, de esta forma lo indic\u00f3 Antonio Aguilar, quien apenas tiene 3 meses viviendo a dos calles del centro de rehabilitaci\u00f3n.<\/p>\n","protected":false},"excerpt":{"rendered":"<p>La embestida gener\u00f3 miedo entre los vecinos de La Cofrad\u00eda. El homicidio de 6 personas en un centro de rehabilitaci\u00f3n de la colonia La Cofrad\u00eda, en Tlaquepaque produce sensaci\u00f3n de miedo entre los vecinos. Pobladores del \u00e1rea se\u00f1alan que dicho centro nombrado Cerco de Vida, pose\u00eda alrededor de 2 a\u00f1os de operaci\u00f3n y no hab\u00eda [&hellip;]<\/p>\n","protected":false},"author":4,"featured_media":2537,"comment_status":"open","ping_status":"open","sticky":false,"template":"","format":"standard","meta":{"footnotes":""},"categories":[45],"tags":[],"class_list":["post-2536","post","type-post","status-publish","format-standard","has-post-thumbnail","hentry","category-ultimas-noticias"],"aioseo_notices":[],"_links":{"self":[{"href":"https:\/\/jaliscoopina.mx\/index.php\/wp-json\/wp\/v2\/posts\/2536","targetHints":{"allow":["GET"]}}],"collection":[{"href":"https:\/\/jaliscoopina.mx\/index.php\/wp-json\/wp\/v2\/posts"}],"about":[{"href":"https:\/\/jaliscoopina.mx\/index.php\/wp-json\/wp\/v2\/types\/post"}],"author":[{"embeddable":true,"href":"https:\/\/jaliscoopina.mx\/index.php\/wp-json\/wp\/v2\/users\/4"}],"replies":[{"embeddable":true,"href":"https:\/\/jaliscoopina.mx\/index.php\/wp-json\/wp\/v2\/comments?post=2536"}],"version-history":[{"count":1,"href":"https:\/\/jaliscoopina.mx\/index.php\/wp-json\/wp\/v2\/posts\/2536\/revisions"}],"predecessor-version":[{"id":2538,"href":"https:\/\/jaliscoopina.mx\/index.php\/wp-json\/wp\/v2\/posts\/2536\/revisions\/2538"}],"wp:featuredmedia":[{"embeddable":true,"href":"https:\/\/jaliscoopina.mx\/index.php\/wp-json\/wp\/v2\/media\/2537"}],"wp:attachment":[{"href":"https:\/\/jaliscoopina.mx\/index.php\/wp-json\/wp\/v2\/media?parent=2536"}],"wp:term":[{"taxonomy":"category","embeddable":true,"href":"https:\/\/jaliscoopina.mx\/index.php\/wp-json\/wp\/v2\/categories?post=2536"},{"taxonomy":"post_tag","embeddable":true,"href":"https:\/\/jaliscoopina.mx\/index.php\/wp-json\/wp\/v2\/tags?post=2536"}],"curies":[{"name":"wp","href":"https:\/\/api.w.org\/{rel}","templated":true}]}}