{"id":2413,"date":"2022-07-08T16:31:52","date_gmt":"2022-07-08T16:31:52","guid":{"rendered":"https:\/\/jaliscoopina.mx\/?p=2413"},"modified":"2022-07-08T16:31:52","modified_gmt":"2022-07-08T16:31:52","slug":"programa-recrea-fue-reorientado-por-deuda-heredada-en-zapotlanejo","status":"publish","type":"post","link":"https:\/\/jaliscoopina.mx\/index.php\/2022\/07\/08\/programa-recrea-fue-reorientado-por-deuda-heredada-en-zapotlanejo\/","title":{"rendered":"Programa Recrea fue reorientado por deuda heredada en Zapotlanejo."},"content":{"rendered":"<p>En total, se beneficiar\u00e1 a 10 mil 122 ni\u00f1as y ni\u00f1os de educaci\u00f3n b\u00e1sica. La estrategia de apoyo a estudiantes de nivel b\u00e1sico del municipio de Zapotlanejo fue reorientada por el Gobierno municipal con recursos propios y se enfocar\u00e1 en cubrir las necesidades expresas de los alumnos, basado en peticiones de padres familia, as\u00ed como requerimientos solicitados desde las delegaciones.<\/p>\n<p>La modificaci\u00f3n es derivada de una deficiencia presupuestal, originada en el trienio pasado: el modelo establecido requer\u00eda m\u00e1s recursos de los etiquetados, se\u00f1al\u00f3 el presidente municipal Gonzalo \u00c1lvarez Barrag\u00e1n.<\/p>\n<p>El primer edil indic\u00f3 que al tomar posesi\u00f3n como titular de la administraci\u00f3n, encontr\u00f3 que las mochilas del programa no fueron entregadas a los estudiantes de la localidad.<\/p>\n<p>\u00abMe lleg\u00f3 un requerimiento sobre lo que no cumplieron en el ejercicio del 2019. Tenemos mochilas de Recrea que vamos a regresar, ya que era responsabilidad de la tesorera y el presidente municipal pasado dar cuenta de ello y las ten\u00edan guardadas en una bodega\u00bb.<\/p>\n","protected":false},"excerpt":{"rendered":"<p>En total, se beneficiar\u00e1 a 10 mil 122 ni\u00f1as y ni\u00f1os de educaci\u00f3n b\u00e1sica. La estrategia de apoyo a estudiantes de nivel b\u00e1sico del municipio de Zapotlanejo fue reorientada por el Gobierno municipal con recursos propios y se enfocar\u00e1 en cubrir las necesidades expresas de los alumnos, basado en peticiones de padres familia, as\u00ed como [&hellip;]<\/p>\n","protected":false},"author":4,"featured_media":2414,"comment_status":"open","ping_status":"open","sticky":false,"template":"","format":"standard","meta":{"footnotes":""},"categories":[45],"tags":[],"class_list":["post-2413","post","type-post","status-publish","format-standard","has-post-thumbnail","hentry","category-ultimas-noticias"],"aioseo_notices":[],"_links":{"self":[{"href":"https:\/\/jaliscoopina.mx\/index.php\/wp-json\/wp\/v2\/posts\/2413","targetHints":{"allow":["GET"]}}],"collection":[{"href":"https:\/\/jaliscoopina.mx\/index.php\/wp-json\/wp\/v2\/posts"}],"about":[{"href":"https:\/\/jaliscoopina.mx\/index.php\/wp-json\/wp\/v2\/types\/post"}],"author":[{"embeddable":true,"href":"https:\/\/jaliscoopina.mx\/index.php\/wp-json\/wp\/v2\/users\/4"}],"replies":[{"embeddable":true,"href":"https:\/\/jaliscoopina.mx\/index.php\/wp-json\/wp\/v2\/comments?post=2413"}],"version-history":[{"count":1,"href":"https:\/\/jaliscoopina.mx\/index.php\/wp-json\/wp\/v2\/posts\/2413\/revisions"}],"predecessor-version":[{"id":2415,"href":"https:\/\/jaliscoopina.mx\/index.php\/wp-json\/wp\/v2\/posts\/2413\/revisions\/2415"}],"wp:featuredmedia":[{"embeddable":true,"href":"https:\/\/jaliscoopina.mx\/index.php\/wp-json\/wp\/v2\/media\/2414"}],"wp:attachment":[{"href":"https:\/\/jaliscoopina.mx\/index.php\/wp-json\/wp\/v2\/media?parent=2413"}],"wp:term":[{"taxonomy":"category","embeddable":true,"href":"https:\/\/jaliscoopina.mx\/index.php\/wp-json\/wp\/v2\/categories?post=2413"},{"taxonomy":"post_tag","embeddable":true,"href":"https:\/\/jaliscoopina.mx\/index.php\/wp-json\/wp\/v2\/tags?post=2413"}],"curies":[{"name":"wp","href":"https:\/\/api.w.org\/{rel}","templated":true}]}}