{"id":2365,"date":"2022-07-04T16:09:23","date_gmt":"2022-07-04T16:09:23","guid":{"rendered":"https:\/\/jaliscoopina.mx\/?p=2365"},"modified":"2022-07-04T16:09:23","modified_gmt":"2022-07-04T16:09:23","slug":"sismo-lo-perciben-en-colima-y-jalisco-no-genero-danos","status":"publish","type":"post","link":"https:\/\/jaliscoopina.mx\/index.php\/2022\/07\/04\/sismo-lo-perciben-en-colima-y-jalisco-no-genero-danos\/","title":{"rendered":"Sismo: Lo perciben en Colima y Jalisco; no gener\u00f3 da\u00f1os."},"content":{"rendered":"<p>De acuerdo a informaci\u00f3n del Servicio Sismol\u00f3gico Nacional, el sismo fue de 4.3 grados cent\u00edgrados. El sismo registrado con epicentro a 18 kil\u00f3metros de Casimiro Castillo, Jalisco, no gener\u00f3 afectaciones en la entidad colimense.<\/p>\n<p>De acuerdo a informaci\u00f3n del Servicio Sismol\u00f3gico Nacional (SSN) el movimiento tel\u00farico fue de 4.3 grados cent\u00edgrados.<\/p>\n<p>El municipio donde mayormente fue perceptible fue en Manzanillo y al sur de Jalisco, debido a la cercan\u00eda de la costa.<\/p>\n<p>Cabe indicar que esta es una actividad s\u00edsmica importante, el Centro Nacional de Prevenci\u00f3n de Desastres (Cenapred) hace un llamado a informarse en fuentes oficiales.<\/p>\n<p>Ante sismos se recomienda mantener la calma, no correr y evitar el p\u00e1nico, activar el plan de emergencia y seguir las rutas de evacuaci\u00f3n previamente establecidas.<\/p>\n","protected":false},"excerpt":{"rendered":"<p>De acuerdo a informaci\u00f3n del Servicio Sismol\u00f3gico Nacional, el sismo fue de 4.3 grados cent\u00edgrados. El sismo registrado con epicentro a 18 kil\u00f3metros de Casimiro Castillo, Jalisco, no gener\u00f3 afectaciones en la entidad colimense. De acuerdo a informaci\u00f3n del Servicio Sismol\u00f3gico Nacional (SSN) el movimiento tel\u00farico fue de 4.3 grados cent\u00edgrados. El municipio donde mayormente [&hellip;]<\/p>\n","protected":false},"author":4,"featured_media":2366,"comment_status":"open","ping_status":"open","sticky":false,"template":"","format":"standard","meta":{"footnotes":""},"categories":[45],"tags":[],"class_list":["post-2365","post","type-post","status-publish","format-standard","has-post-thumbnail","hentry","category-ultimas-noticias"],"aioseo_notices":[],"_links":{"self":[{"href":"https:\/\/jaliscoopina.mx\/index.php\/wp-json\/wp\/v2\/posts\/2365","targetHints":{"allow":["GET"]}}],"collection":[{"href":"https:\/\/jaliscoopina.mx\/index.php\/wp-json\/wp\/v2\/posts"}],"about":[{"href":"https:\/\/jaliscoopina.mx\/index.php\/wp-json\/wp\/v2\/types\/post"}],"author":[{"embeddable":true,"href":"https:\/\/jaliscoopina.mx\/index.php\/wp-json\/wp\/v2\/users\/4"}],"replies":[{"embeddable":true,"href":"https:\/\/jaliscoopina.mx\/index.php\/wp-json\/wp\/v2\/comments?post=2365"}],"version-history":[{"count":1,"href":"https:\/\/jaliscoopina.mx\/index.php\/wp-json\/wp\/v2\/posts\/2365\/revisions"}],"predecessor-version":[{"id":2367,"href":"https:\/\/jaliscoopina.mx\/index.php\/wp-json\/wp\/v2\/posts\/2365\/revisions\/2367"}],"wp:featuredmedia":[{"embeddable":true,"href":"https:\/\/jaliscoopina.mx\/index.php\/wp-json\/wp\/v2\/media\/2366"}],"wp:attachment":[{"href":"https:\/\/jaliscoopina.mx\/index.php\/wp-json\/wp\/v2\/media?parent=2365"}],"wp:term":[{"taxonomy":"category","embeddable":true,"href":"https:\/\/jaliscoopina.mx\/index.php\/wp-json\/wp\/v2\/categories?post=2365"},{"taxonomy":"post_tag","embeddable":true,"href":"https:\/\/jaliscoopina.mx\/index.php\/wp-json\/wp\/v2\/tags?post=2365"}],"curies":[{"name":"wp","href":"https:\/\/api.w.org\/{rel}","templated":true}]}}