{"id":2362,"date":"2022-07-04T16:08:04","date_gmt":"2022-07-04T16:08:04","guid":{"rendered":"https:\/\/jaliscoopina.mx\/?p=2362"},"modified":"2022-07-04T16:08:04","modified_gmt":"2022-07-04T16:08:04","slug":"sacerdotes-que-radican-en-zonas-inseguras-no-deben-salir-solos","status":"publish","type":"post","link":"https:\/\/jaliscoopina.mx\/index.php\/2022\/07\/04\/sacerdotes-que-radican-en-zonas-inseguras-no-deben-salir-solos\/","title":{"rendered":"Sacerdotes que radican en zonas inseguras no deben salir solos."},"content":{"rendered":"<p>El Cardenal lament\u00f3 que la inseguridad no da tregua en Jalisco. Una vez m\u00e1s, el arzobispo de Guadalajara, Jos\u00e9 Francisco Robles Ortega se\u00f1al\u00f3 que la inseguridad no da tregua e invit\u00f3 a los sacerdotes que predican en zonas inseguras, a no salir solos.<\/p>\n<p>\u201cTenemos indicaciones sobre todo para sacerdotes que viven en parroquias en poblaciones lejanas, el moverse en (determinadas) horas del d\u00eda, de preferencia no moverse solos, si saben de alg\u00fan punto de su parroquia que est\u00e9 en especial tensi\u00f3n no hacerse presentes o usar la prudencia y aqu\u00ed en la ciudad medidas ajustadas a esta realidad urbana, pero no somos nosotros los que brindamos la seguridad, no nos toca, ni tenemos la estructura para brindar seguridad a nadie\u201d.<\/p>\n","protected":false},"excerpt":{"rendered":"<p>El Cardenal lament\u00f3 que la inseguridad no da tregua en Jalisco. Una vez m\u00e1s, el arzobispo de Guadalajara, Jos\u00e9 Francisco Robles Ortega se\u00f1al\u00f3 que la inseguridad no da tregua e invit\u00f3 a los sacerdotes que predican en zonas inseguras, a no salir solos. \u201cTenemos indicaciones sobre todo para sacerdotes que viven en parroquias en poblaciones [&hellip;]<\/p>\n","protected":false},"author":4,"featured_media":2363,"comment_status":"open","ping_status":"open","sticky":false,"template":"","format":"standard","meta":{"footnotes":""},"categories":[45],"tags":[],"class_list":["post-2362","post","type-post","status-publish","format-standard","has-post-thumbnail","hentry","category-ultimas-noticias"],"aioseo_notices":[],"_links":{"self":[{"href":"https:\/\/jaliscoopina.mx\/index.php\/wp-json\/wp\/v2\/posts\/2362","targetHints":{"allow":["GET"]}}],"collection":[{"href":"https:\/\/jaliscoopina.mx\/index.php\/wp-json\/wp\/v2\/posts"}],"about":[{"href":"https:\/\/jaliscoopina.mx\/index.php\/wp-json\/wp\/v2\/types\/post"}],"author":[{"embeddable":true,"href":"https:\/\/jaliscoopina.mx\/index.php\/wp-json\/wp\/v2\/users\/4"}],"replies":[{"embeddable":true,"href":"https:\/\/jaliscoopina.mx\/index.php\/wp-json\/wp\/v2\/comments?post=2362"}],"version-history":[{"count":1,"href":"https:\/\/jaliscoopina.mx\/index.php\/wp-json\/wp\/v2\/posts\/2362\/revisions"}],"predecessor-version":[{"id":2364,"href":"https:\/\/jaliscoopina.mx\/index.php\/wp-json\/wp\/v2\/posts\/2362\/revisions\/2364"}],"wp:featuredmedia":[{"embeddable":true,"href":"https:\/\/jaliscoopina.mx\/index.php\/wp-json\/wp\/v2\/media\/2363"}],"wp:attachment":[{"href":"https:\/\/jaliscoopina.mx\/index.php\/wp-json\/wp\/v2\/media?parent=2362"}],"wp:term":[{"taxonomy":"category","embeddable":true,"href":"https:\/\/jaliscoopina.mx\/index.php\/wp-json\/wp\/v2\/categories?post=2362"},{"taxonomy":"post_tag","embeddable":true,"href":"https:\/\/jaliscoopina.mx\/index.php\/wp-json\/wp\/v2\/tags?post=2362"}],"curies":[{"name":"wp","href":"https:\/\/api.w.org\/{rel}","templated":true}]}}