{"id":2239,"date":"2022-06-17T15:30:49","date_gmt":"2022-06-17T15:30:49","guid":{"rendered":"https:\/\/jaliscoopina.mx\/?p=2239"},"modified":"2022-06-17T15:30:49","modified_gmt":"2022-06-17T15:30:49","slug":"lopez-obrador-afirma-que-no-aumentara-el-precio-a-las-gasolinas-pese-a-inflacion","status":"publish","type":"post","link":"https:\/\/jaliscoopina.mx\/index.php\/2022\/06\/17\/lopez-obrador-afirma-que-no-aumentara-el-precio-a-las-gasolinas-pese-a-inflacion\/","title":{"rendered":"L\u00f3pez Obrador afirma que no aumentar\u00e1 el precio a las #gasolinas, pese a inflaci\u00f3n."},"content":{"rendered":"<p>El Presidente de M\u00e9xico reconoci\u00f3 que la inflaci\u00f3n es un problema grave, pero afirm\u00f3 que su Gobierno est\u00e1 haciendo lo necesario para controlarla, El Presidente de M\u00e9xico, Andr\u00e9s Manuel L\u00f3pez Obrador, garantiz\u00f3 durante la \u00abma\u00f1anera\u00bb de este viernes que, pese a la inflaci\u00f3n, no aumentar\u00e1n los precios de la gasolina ni del servicio de la electricidad.<\/p>\n<p><b>L\u00f3pez Obrador reconoci\u00f3 que la inflaci\u00f3n es un problema grave<\/b>, pero afirm\u00f3 que su Gobierno est\u00e1 haciendo lo necesario para controlarla.<\/p>\n<p>\u00abEn el balance nos alcanza para mantener la gasolina sin aumento, el di\u00e9sel sin aumento. Ayer le\u00eda que hab\u00eda el rumor, un peri\u00f3dico, de que para que fuese menos el subsidio \u00edbamos a aumentar un poco la gasolina, no es cierto, es lo que quisieran los conservadores, porque inventan todo.<\/p>\n","protected":false},"excerpt":{"rendered":"<p>El Presidente de M\u00e9xico reconoci\u00f3 que la inflaci\u00f3n es un problema grave, pero afirm\u00f3 que su Gobierno est\u00e1 haciendo lo necesario para controlarla, El Presidente de M\u00e9xico, Andr\u00e9s Manuel L\u00f3pez Obrador, garantiz\u00f3 durante la \u00abma\u00f1anera\u00bb de este viernes que, pese a la inflaci\u00f3n, no aumentar\u00e1n los precios de la gasolina ni del servicio de la [&hellip;]<\/p>\n","protected":false},"author":4,"featured_media":2240,"comment_status":"open","ping_status":"open","sticky":false,"template":"","format":"standard","meta":{"footnotes":""},"categories":[68,67,74],"tags":[],"class_list":["post-2239","post","type-post","status-publish","format-standard","has-post-thumbnail","hentry","category-economia","category-finanzas","category-politica"],"aioseo_notices":[],"_links":{"self":[{"href":"https:\/\/jaliscoopina.mx\/index.php\/wp-json\/wp\/v2\/posts\/2239","targetHints":{"allow":["GET"]}}],"collection":[{"href":"https:\/\/jaliscoopina.mx\/index.php\/wp-json\/wp\/v2\/posts"}],"about":[{"href":"https:\/\/jaliscoopina.mx\/index.php\/wp-json\/wp\/v2\/types\/post"}],"author":[{"embeddable":true,"href":"https:\/\/jaliscoopina.mx\/index.php\/wp-json\/wp\/v2\/users\/4"}],"replies":[{"embeddable":true,"href":"https:\/\/jaliscoopina.mx\/index.php\/wp-json\/wp\/v2\/comments?post=2239"}],"version-history":[{"count":1,"href":"https:\/\/jaliscoopina.mx\/index.php\/wp-json\/wp\/v2\/posts\/2239\/revisions"}],"predecessor-version":[{"id":2241,"href":"https:\/\/jaliscoopina.mx\/index.php\/wp-json\/wp\/v2\/posts\/2239\/revisions\/2241"}],"wp:featuredmedia":[{"embeddable":true,"href":"https:\/\/jaliscoopina.mx\/index.php\/wp-json\/wp\/v2\/media\/2240"}],"wp:attachment":[{"href":"https:\/\/jaliscoopina.mx\/index.php\/wp-json\/wp\/v2\/media?parent=2239"}],"wp:term":[{"taxonomy":"category","embeddable":true,"href":"https:\/\/jaliscoopina.mx\/index.php\/wp-json\/wp\/v2\/categories?post=2239"},{"taxonomy":"post_tag","embeddable":true,"href":"https:\/\/jaliscoopina.mx\/index.php\/wp-json\/wp\/v2\/tags?post=2239"}],"curies":[{"name":"wp","href":"https:\/\/api.w.org\/{rel}","templated":true}]}}