{"id":2209,"date":"2022-06-14T17:38:03","date_gmt":"2022-06-14T17:38:03","guid":{"rendered":"https:\/\/jaliscoopina.mx\/?p=2209"},"modified":"2022-06-14T17:38:03","modified_gmt":"2022-06-14T17:38:03","slug":"cuando-cae-el-proximo-pago-de-la-pension-del-bienestar","status":"publish","type":"post","link":"https:\/\/jaliscoopina.mx\/index.php\/2022\/06\/14\/cuando-cae-el-proximo-pago-de-la-pension-del-bienestar\/","title":{"rendered":"\u00bfCu\u00e1ndo cae el pr\u00f3ximo pago de la pensi\u00f3n del Bienestar?"},"content":{"rendered":"<p>Ahora que ya qued\u00f3 atr\u00e1s la veda electoral por los comicios en seis estados, los pagos de varios programas sociales se reanudar\u00e1n, Ahora que ya qued\u00f3 atr\u00e1s la veda electoral por los comicios en seis estados, <b>los pagos de varios programas sociales se reanudar\u00e1n<\/b>. Entre esos programas sociales se encuentran la pensi\u00f3n del Bienestar y J\u00f3venes Construyendo el Futuro.<\/p>\n<p>La Pensi\u00f3n del Bienestar 2022 es un programa de apoyo econ\u00f3mico para los adultos mayores.<\/p>\n<p>El pr\u00f3ximo dep\u00f3sito se har\u00e1 <b>durante los primeros d\u00edas de julio y pertenecer\u00e1 al bimestre correspondiente a julio-agosto<\/b>.<\/p>\n","protected":false},"excerpt":{"rendered":"<p>Ahora que ya qued\u00f3 atr\u00e1s la veda electoral por los comicios en seis estados, los pagos de varios programas sociales se reanudar\u00e1n, Ahora que ya qued\u00f3 atr\u00e1s la veda electoral por los comicios en seis estados, los pagos de varios programas sociales se reanudar\u00e1n. Entre esos programas sociales se encuentran la pensi\u00f3n del Bienestar y [&hellip;]<\/p>\n","protected":false},"author":4,"featured_media":2210,"comment_status":"open","ping_status":"open","sticky":false,"template":"","format":"standard","meta":{"footnotes":""},"categories":[68,45],"tags":[],"class_list":["post-2209","post","type-post","status-publish","format-standard","has-post-thumbnail","hentry","category-economia","category-ultimas-noticias"],"aioseo_notices":[],"_links":{"self":[{"href":"https:\/\/jaliscoopina.mx\/index.php\/wp-json\/wp\/v2\/posts\/2209","targetHints":{"allow":["GET"]}}],"collection":[{"href":"https:\/\/jaliscoopina.mx\/index.php\/wp-json\/wp\/v2\/posts"}],"about":[{"href":"https:\/\/jaliscoopina.mx\/index.php\/wp-json\/wp\/v2\/types\/post"}],"author":[{"embeddable":true,"href":"https:\/\/jaliscoopina.mx\/index.php\/wp-json\/wp\/v2\/users\/4"}],"replies":[{"embeddable":true,"href":"https:\/\/jaliscoopina.mx\/index.php\/wp-json\/wp\/v2\/comments?post=2209"}],"version-history":[{"count":1,"href":"https:\/\/jaliscoopina.mx\/index.php\/wp-json\/wp\/v2\/posts\/2209\/revisions"}],"predecessor-version":[{"id":2211,"href":"https:\/\/jaliscoopina.mx\/index.php\/wp-json\/wp\/v2\/posts\/2209\/revisions\/2211"}],"wp:featuredmedia":[{"embeddable":true,"href":"https:\/\/jaliscoopina.mx\/index.php\/wp-json\/wp\/v2\/media\/2210"}],"wp:attachment":[{"href":"https:\/\/jaliscoopina.mx\/index.php\/wp-json\/wp\/v2\/media?parent=2209"}],"wp:term":[{"taxonomy":"category","embeddable":true,"href":"https:\/\/jaliscoopina.mx\/index.php\/wp-json\/wp\/v2\/categories?post=2209"},{"taxonomy":"post_tag","embeddable":true,"href":"https:\/\/jaliscoopina.mx\/index.php\/wp-json\/wp\/v2\/tags?post=2209"}],"curies":[{"name":"wp","href":"https:\/\/api.w.org\/{rel}","templated":true}]}}