{"id":1993,"date":"2022-05-19T16:13:03","date_gmt":"2022-05-19T16:13:03","guid":{"rendered":"https:\/\/jaliscoopina.mx\/?p=1993"},"modified":"2022-05-19T16:13:03","modified_gmt":"2022-05-19T16:13:03","slug":"localizan-con-vida-en-la-caseta-de-san-marcos-al-profesor-omar-verastegui","status":"publish","type":"post","link":"https:\/\/jaliscoopina.mx\/index.php\/2022\/05\/19\/localizan-con-vida-en-la-caseta-de-san-marcos-al-profesor-omar-verastegui\/","title":{"rendered":"Localizan con vida en la caseta de San Marcos al profesor Omar Ver\u00e1stegui."},"content":{"rendered":"<p>Estaba reportado como desaparecido desde el 16 de mayo, a fue localizado con vida el profesor de educaci\u00f3n f\u00edsica, Rafael Omar Ver\u00e1stegui P\u00e9rez, de 46 a\u00f1os, quien estaba desaparecido desde el pasado lunes 16 de mayo. \u00c9l fue hallado en las inmediaciones de la caseta de San Marcos, Jalisco y, aparentemente, fue privado de la libertad, por lo que personal de la Fiscal\u00eda Estatal ya fue por \u00e9l.<\/p>\n<p>Sin dar detalles, Yazm\u00edn, hermana de Rafael Omar, se\u00f1al\u00f3 que \u00e9l se encuentra bien pero hasta el momento todav\u00eda no ha tenido contacto, solamente recibieron la llamada de las autoridades para informarles que lo hab\u00edan encontrado.<\/p>\n<p>\u00abRecibimos la llamada y sabemos que sali\u00f3 en las noticias; sin embargo aqu\u00ed con nosotros todav\u00eda no est\u00e1. Creo que apenas lo van a trasladar. Est\u00e1 resguardado est\u00e1n esperando movimiento de la polic\u00eda y dem\u00e1s\u00bb.<\/p>\n<p>El lunes sali\u00f3 de su casa alrededor de las 6:15 de la ma\u00f1ana, en la colonia Santa Margarita, para ir a su trabajo en el Instituto Miguel \u00c1ngel de Occidente por el rumbo de Guadalupe y Perif\u00e9rico, pero nunca lleg\u00f3.<\/p>\n<p>Este mi\u00e9rcoles sus familiares organizaron una marcha que termin\u00f3 en la Glorieta de los Desaparecidos para exigir su localizaci\u00f3n.<\/p>\n","protected":false},"excerpt":{"rendered":"<p>Estaba reportado como desaparecido desde el 16 de mayo, a fue localizado con vida el profesor de educaci\u00f3n f\u00edsica, Rafael Omar Ver\u00e1stegui P\u00e9rez, de 46 a\u00f1os, quien estaba desaparecido desde el pasado lunes 16 de mayo. \u00c9l fue hallado en las inmediaciones de la caseta de San Marcos, Jalisco y, aparentemente, fue privado de la [&hellip;]<\/p>\n","protected":false},"author":4,"featured_media":1994,"comment_status":"open","ping_status":"open","sticky":false,"template":"","format":"standard","meta":{"footnotes":""},"categories":[64],"tags":[],"class_list":["post-1993","post","type-post","status-publish","format-standard","has-post-thumbnail","hentry","category-seguridad"],"aioseo_notices":[],"_links":{"self":[{"href":"https:\/\/jaliscoopina.mx\/index.php\/wp-json\/wp\/v2\/posts\/1993","targetHints":{"allow":["GET"]}}],"collection":[{"href":"https:\/\/jaliscoopina.mx\/index.php\/wp-json\/wp\/v2\/posts"}],"about":[{"href":"https:\/\/jaliscoopina.mx\/index.php\/wp-json\/wp\/v2\/types\/post"}],"author":[{"embeddable":true,"href":"https:\/\/jaliscoopina.mx\/index.php\/wp-json\/wp\/v2\/users\/4"}],"replies":[{"embeddable":true,"href":"https:\/\/jaliscoopina.mx\/index.php\/wp-json\/wp\/v2\/comments?post=1993"}],"version-history":[{"count":1,"href":"https:\/\/jaliscoopina.mx\/index.php\/wp-json\/wp\/v2\/posts\/1993\/revisions"}],"predecessor-version":[{"id":1995,"href":"https:\/\/jaliscoopina.mx\/index.php\/wp-json\/wp\/v2\/posts\/1993\/revisions\/1995"}],"wp:featuredmedia":[{"embeddable":true,"href":"https:\/\/jaliscoopina.mx\/index.php\/wp-json\/wp\/v2\/media\/1994"}],"wp:attachment":[{"href":"https:\/\/jaliscoopina.mx\/index.php\/wp-json\/wp\/v2\/media?parent=1993"}],"wp:term":[{"taxonomy":"category","embeddable":true,"href":"https:\/\/jaliscoopina.mx\/index.php\/wp-json\/wp\/v2\/categories?post=1993"},{"taxonomy":"post_tag","embeddable":true,"href":"https:\/\/jaliscoopina.mx\/index.php\/wp-json\/wp\/v2\/tags?post=1993"}],"curies":[{"name":"wp","href":"https:\/\/api.w.org\/{rel}","templated":true}]}}