{"id":1789,"date":"2022-04-25T13:44:52","date_gmt":"2022-04-25T13:44:52","guid":{"rendered":"https:\/\/jaliscoopina.mx\/?p=1789"},"modified":"2022-04-25T13:44:52","modified_gmt":"2022-04-25T13:44:52","slug":"nunca-vi-a-alguien-doblarse-asi-trump-amenazo-a-lopez-obrador-para-que-blindara-la-frontera","status":"publish","type":"post","link":"https:\/\/jaliscoopina.mx\/index.php\/2022\/04\/25\/nunca-vi-a-alguien-doblarse-asi-trump-amenazo-a-lopez-obrador-para-que-blindara-la-frontera\/","title":{"rendered":"\u201cNunca vi a alguien doblarse as\u00ed\u201d: Trump amenaz\u00f3 a L\u00f3pez Obrador para que blindara la frontera."},"content":{"rendered":"<p>El ex presidente de Estados Unidos, Donald Trump, detall\u00f3 cu\u00e1les fueron las condiciones para que L\u00f3pez Obrador aceptara desplegar 28 mil soldados en la frontera<\/p>\n<p>Donald Trump, ex presidente de Estados Unidos (EU), estuvo el s\u00e1bado en un mitin en Ohio donde dijo que <b>amenaz\u00f3 a su hom\u00f3logo Andr\u00e9s Manuel L\u00f3pez Obrador <\/b>con imponer aranceles a importaciones del pa\u00eds para lograr un despliegue militar \u201cgratis\u201d de 28 mil soldados en la frontera para contener la migraci\u00f3n.<\/p>\n<p>En el evento de ayer apoy\u00f3 a JD Vance para sustituir al senador retirado Rob Portman.<br \/>\nEn un momento declar\u00f3: \u00abVino a verme el m\u00e1ximo representante de M\u00e9xico, justo debajo del puesto m\u00e1s alto, del jefe, que resulta ser el presidente, un tipo muy bueno, que me gusta mucho, es un socialista, pero me gusta, es uno de los socialistas que me gustan\u00bb.<\/p>\n<p>#desaparecidos #noticias #vallarta #jalisco #semanasanta #vacaciones #PuertoVallarta #Inauguraci\u00f3n #Puente #Cuale #metaverso #amlo #tiktok #instagram #aitana #secuestro #nodal<span class=\"Apple-converted-space\">\u00a0 <\/span>#UnidosPorLaTransformaci\u00f3n #reformaelectrica #litio #seguro<span class=\"Apple-converted-space\">\u00a0 <\/span>#turista #seguridad<span class=\"Apple-converted-space\">\u00a0 <\/span>#Debanhi<span class=\"Apple-converted-space\">\u00a0<\/span><\/p>\n","protected":false},"excerpt":{"rendered":"<p>El ex presidente de Estados Unidos, Donald Trump, detall\u00f3 cu\u00e1les fueron las condiciones para que L\u00f3pez Obrador aceptara desplegar 28 mil soldados en la frontera Donald Trump, ex presidente de Estados Unidos (EU), estuvo el s\u00e1bado en un mitin en Ohio donde dijo que amenaz\u00f3 a su hom\u00f3logo Andr\u00e9s Manuel L\u00f3pez Obrador con imponer aranceles [&hellip;]<\/p>\n","protected":false},"author":4,"featured_media":1790,"comment_status":"open","ping_status":"open","sticky":false,"template":"","format":"standard","meta":{"footnotes":""},"categories":[74,45],"tags":[],"class_list":["post-1789","post","type-post","status-publish","format-standard","has-post-thumbnail","hentry","category-politica","category-ultimas-noticias"],"aioseo_notices":[],"_links":{"self":[{"href":"https:\/\/jaliscoopina.mx\/index.php\/wp-json\/wp\/v2\/posts\/1789","targetHints":{"allow":["GET"]}}],"collection":[{"href":"https:\/\/jaliscoopina.mx\/index.php\/wp-json\/wp\/v2\/posts"}],"about":[{"href":"https:\/\/jaliscoopina.mx\/index.php\/wp-json\/wp\/v2\/types\/post"}],"author":[{"embeddable":true,"href":"https:\/\/jaliscoopina.mx\/index.php\/wp-json\/wp\/v2\/users\/4"}],"replies":[{"embeddable":true,"href":"https:\/\/jaliscoopina.mx\/index.php\/wp-json\/wp\/v2\/comments?post=1789"}],"version-history":[{"count":1,"href":"https:\/\/jaliscoopina.mx\/index.php\/wp-json\/wp\/v2\/posts\/1789\/revisions"}],"predecessor-version":[{"id":1791,"href":"https:\/\/jaliscoopina.mx\/index.php\/wp-json\/wp\/v2\/posts\/1789\/revisions\/1791"}],"wp:featuredmedia":[{"embeddable":true,"href":"https:\/\/jaliscoopina.mx\/index.php\/wp-json\/wp\/v2\/media\/1790"}],"wp:attachment":[{"href":"https:\/\/jaliscoopina.mx\/index.php\/wp-json\/wp\/v2\/media?parent=1789"}],"wp:term":[{"taxonomy":"category","embeddable":true,"href":"https:\/\/jaliscoopina.mx\/index.php\/wp-json\/wp\/v2\/categories?post=1789"},{"taxonomy":"post_tag","embeddable":true,"href":"https:\/\/jaliscoopina.mx\/index.php\/wp-json\/wp\/v2\/tags?post=1789"}],"curies":[{"name":"wp","href":"https:\/\/api.w.org\/{rel}","templated":true}]}}