{"id":1778,"date":"2022-04-22T15:02:02","date_gmt":"2022-04-22T15:02:02","guid":{"rendered":"https:\/\/jaliscoopina.mx\/?p=1778"},"modified":"2022-04-22T15:02:02","modified_gmt":"2022-04-22T15:02:02","slug":"debanhi-me-equivoque-crei-en-la-fiscalia-dice-papa-de-la-joven-desaparecida-en-nuevo-leon","status":"publish","type":"post","link":"https:\/\/jaliscoopina.mx\/index.php\/2022\/04\/22\/debanhi-me-equivoque-crei-en-la-fiscalia-dice-papa-de-la-joven-desaparecida-en-nuevo-leon\/","title":{"rendered":"Debanhi: \u00abMe equivoqu\u00e9, cre\u00ed en la Fiscal\u00eda\u00bb, dice pap\u00e1 de la joven desaparecida en Nuevo Le\u00f3n."},"content":{"rendered":"<p>El pap\u00e1 de Debanhi arremeti\u00f3 en contra de la Fiscal\u00eda de Nuevo Le\u00f3n tras el hallazgo del cuerpo de una mujer en la zona donde desapareci\u00f3 la joven.<\/p>\n<p>Entre l\u00e1grimas y con la voz entre cortada, el pap\u00e1 de Debanhi Escobar, Mario Escobar, arremeti\u00f3 en contra de la Fiscal\u00eda de Nuevo Le\u00f3n, minutos despu\u00e9s de enterarse del hallazgo del cuerpo de una mujer en la zona que desapareci\u00f3 la joven. <img loading=\"lazy\" decoding=\"async\" class=\"size-medium wp-image-1779 alignright\" src=\"https:\/\/jaliscoopina.mx\/wp-content\/uploads\/2022\/04\/papx_de_debanhi_sunnn_crop1650636524806.jpg_1970638775.jpg-300x189.webp\" alt=\"\" width=\"300\" height=\"189\" srcset=\"https:\/\/jaliscoopina.mx\/wp-content\/uploads\/2022\/04\/papx_de_debanhi_sunnn_crop1650636524806.jpg_1970638775.jpg-300x189.webp 300w, https:\/\/jaliscoopina.mx\/wp-content\/uploads\/2022\/04\/papx_de_debanhi_sunnn_crop1650636524806.jpg_1970638775.jpg-768x484.webp 768w, https:\/\/jaliscoopina.mx\/wp-content\/uploads\/2022\/04\/papx_de_debanhi_sunnn_crop1650636524806.jpg_1970638775.jpg.webp 770w\" sizes=\"auto, (max-width: 300px) 100vw, 300px\" \/><\/p>\n<p>\u201cMi hija est\u00e1 muerta y no s\u00e9 qu\u00e9 hacer. Estoy molesto porque me equivoqu\u00e9, cre\u00ed en la Fiscal\u00eda, repito en la Fiscal\u00eda. Nunca me pasaron los tomos, nunca los tuve en mi poder porque ellos no hicieron su trabajo\u201d, sentenci\u00f3.<\/p>\n<p>Visiblemente enojado, el se\u00f1or Mario acus\u00f3 a las autoridades de no brindarles informaci\u00f3n y no dejarles ingresar a la zona donde fue encontrado el cuerpo de Debanhi.<\/p>\n<p><b>\u201cTal vez porque no era su hija, porque p\u00f3nganse en el papel de nosotros y van a sentir lo que estamos sintiendo\u201d<\/b>, finaliz\u00f3 Mario, quien confirm\u00f3 que el cuerpo de la mujer que fue hallado ayer jueves tiene la misma vestimenta que usaba Debanhi el d\u00eda de su desaparici\u00f3n.<\/p>\n<p>Aunque todav\u00eda falta la confirmaci\u00f3n de ADN, Ricardo Mej\u00eda Berdeja, subsecretario de Seguridad y Protecci\u00f3n Ciudadana, dijo que hab\u00eda un crucifijo que coincide con uno que tra\u00eda Debanhi.<\/p>\n<p>#desaparecidos #noticias #vallarta #jalisco #semanasanta #vacaciones #PuertoVallarta #Inauguraci\u00f3n #Puente #Cuale #metaverso #amlo #tiktok #instagram #aitana #secuestro #nodal<span class=\"Apple-converted-space\">\u00a0 <\/span>#UnidosPorLaTransformaci\u00f3n #reformaelectrica #litio #seguro<span class=\"Apple-converted-space\">\u00a0 <\/span>#turista #seguridad<span class=\"Apple-converted-space\">\u00a0 <\/span>#Debanhi<span class=\"Apple-converted-space\">\u00a0<\/span><\/p>\n","protected":false},"excerpt":{"rendered":"<p>El pap\u00e1 de Debanhi arremeti\u00f3 en contra de la Fiscal\u00eda de Nuevo Le\u00f3n tras el hallazgo del cuerpo de una mujer en la zona donde desapareci\u00f3 la joven. Entre l\u00e1grimas y con la voz entre cortada, el pap\u00e1 de Debanhi Escobar, Mario Escobar, arremeti\u00f3 en contra de la Fiscal\u00eda de Nuevo Le\u00f3n, minutos despu\u00e9s de [&hellip;]<\/p>\n","protected":false},"author":4,"featured_media":1780,"comment_status":"open","ping_status":"open","sticky":false,"template":"","format":"standard","meta":{"footnotes":""},"categories":[64,45],"tags":[],"class_list":["post-1778","post","type-post","status-publish","format-standard","has-post-thumbnail","hentry","category-seguridad","category-ultimas-noticias"],"aioseo_notices":[],"_links":{"self":[{"href":"https:\/\/jaliscoopina.mx\/index.php\/wp-json\/wp\/v2\/posts\/1778","targetHints":{"allow":["GET"]}}],"collection":[{"href":"https:\/\/jaliscoopina.mx\/index.php\/wp-json\/wp\/v2\/posts"}],"about":[{"href":"https:\/\/jaliscoopina.mx\/index.php\/wp-json\/wp\/v2\/types\/post"}],"author":[{"embeddable":true,"href":"https:\/\/jaliscoopina.mx\/index.php\/wp-json\/wp\/v2\/users\/4"}],"replies":[{"embeddable":true,"href":"https:\/\/jaliscoopina.mx\/index.php\/wp-json\/wp\/v2\/comments?post=1778"}],"version-history":[{"count":1,"href":"https:\/\/jaliscoopina.mx\/index.php\/wp-json\/wp\/v2\/posts\/1778\/revisions"}],"predecessor-version":[{"id":1781,"href":"https:\/\/jaliscoopina.mx\/index.php\/wp-json\/wp\/v2\/posts\/1778\/revisions\/1781"}],"wp:featuredmedia":[{"embeddable":true,"href":"https:\/\/jaliscoopina.mx\/index.php\/wp-json\/wp\/v2\/media\/1780"}],"wp:attachment":[{"href":"https:\/\/jaliscoopina.mx\/index.php\/wp-json\/wp\/v2\/media?parent=1778"}],"wp:term":[{"taxonomy":"category","embeddable":true,"href":"https:\/\/jaliscoopina.mx\/index.php\/wp-json\/wp\/v2\/categories?post=1778"},{"taxonomy":"post_tag","embeddable":true,"href":"https:\/\/jaliscoopina.mx\/index.php\/wp-json\/wp\/v2\/tags?post=1778"}],"curies":[{"name":"wp","href":"https:\/\/api.w.org\/{rel}","templated":true}]}}