{"id":1659,"date":"2022-04-12T14:53:15","date_gmt":"2022-04-12T14:53:15","guid":{"rendered":"https:\/\/jaliscoopina.mx\/?p=1659"},"modified":"2022-04-12T14:53:15","modified_gmt":"2022-04-12T14:53:15","slug":"hoteles-tradicionales-ya-viven-una-intensa-semana-santa","status":"publish","type":"post","link":"https:\/\/jaliscoopina.mx\/index.php\/2022\/04\/12\/hoteles-tradicionales-ya-viven-una-intensa-semana-santa\/","title":{"rendered":"Hoteles tradicionales ya viven una intensa Semana Santa."},"content":{"rendered":"<p>La mayor confianza que han ganado los turistas por el control de la pandemia, permitir\u00e1 disfrutar del mejor periodo vacacional de Semana Santa en dos a\u00f1os, algo de lo que ya se benefician los hoteles tradicionales de este puerto que tienen tarifas muy accesibles para la mayor\u00eda del turismo nacional.<\/p>\n<p><b>Sonia Garc\u00eda Acevedo<\/b>, administradora del hotel Posada de Roger ubicado en la colonia Emiliano Zapata, inform\u00f3 que luego del periodo de invierno que result\u00f3 muy bueno, ahora esperan una gran Semana Santa y Pascua con los turistas nacionales que ya est\u00e1n llegando a este destino.<\/p>\n<p>#follow #followme #followforfollow #Espectaculos #feminicida #feminicidios #trenmaya<span class=\"Apple-converted-space\">\u00a0 <\/span>#followme #follower #followers #alwaysfollowback #followbackalways #1nstagramtags #teamfollowback #followbackteam #f4f #instaapp1 #ifollow #followall #followhim #followher #pleasefollow #pleasefollowme #futbol #seleccionmexicana #rusia #ucrania #guerra #papa #vaticano #desaparecidos #noticias #vallarta #jalisco #semanasanta #vacaciones #PuertoVallarta #Inauguraci\u00f3n #Puente #Cuale #tecate #metaverso #revocacion #amlo<span class=\"Apple-converted-space\">\u00a0<\/span><\/p>\n","protected":false},"excerpt":{"rendered":"<p>La mayor confianza que han ganado los turistas por el control de la pandemia, permitir\u00e1 disfrutar del mejor periodo vacacional de Semana Santa en dos a\u00f1os, algo de lo que ya se benefician los hoteles tradicionales de este puerto que tienen tarifas muy accesibles para la mayor\u00eda del turismo nacional. Sonia Garc\u00eda Acevedo, administradora del [&hellip;]<\/p>\n","protected":false},"author":4,"featured_media":1660,"comment_status":"open","ping_status":"open","sticky":false,"template":"","format":"standard","meta":{"footnotes":""},"categories":[60,45],"tags":[],"class_list":["post-1659","post","type-post","status-publish","format-standard","has-post-thumbnail","hentry","category-covid-19","category-ultimas-noticias"],"aioseo_notices":[],"_links":{"self":[{"href":"https:\/\/jaliscoopina.mx\/index.php\/wp-json\/wp\/v2\/posts\/1659","targetHints":{"allow":["GET"]}}],"collection":[{"href":"https:\/\/jaliscoopina.mx\/index.php\/wp-json\/wp\/v2\/posts"}],"about":[{"href":"https:\/\/jaliscoopina.mx\/index.php\/wp-json\/wp\/v2\/types\/post"}],"author":[{"embeddable":true,"href":"https:\/\/jaliscoopina.mx\/index.php\/wp-json\/wp\/v2\/users\/4"}],"replies":[{"embeddable":true,"href":"https:\/\/jaliscoopina.mx\/index.php\/wp-json\/wp\/v2\/comments?post=1659"}],"version-history":[{"count":1,"href":"https:\/\/jaliscoopina.mx\/index.php\/wp-json\/wp\/v2\/posts\/1659\/revisions"}],"predecessor-version":[{"id":1661,"href":"https:\/\/jaliscoopina.mx\/index.php\/wp-json\/wp\/v2\/posts\/1659\/revisions\/1661"}],"wp:featuredmedia":[{"embeddable":true,"href":"https:\/\/jaliscoopina.mx\/index.php\/wp-json\/wp\/v2\/media\/1660"}],"wp:attachment":[{"href":"https:\/\/jaliscoopina.mx\/index.php\/wp-json\/wp\/v2\/media?parent=1659"}],"wp:term":[{"taxonomy":"category","embeddable":true,"href":"https:\/\/jaliscoopina.mx\/index.php\/wp-json\/wp\/v2\/categories?post=1659"},{"taxonomy":"post_tag","embeddable":true,"href":"https:\/\/jaliscoopina.mx\/index.php\/wp-json\/wp\/v2\/tags?post=1659"}],"curies":[{"name":"wp","href":"https:\/\/api.w.org\/{rel}","templated":true}]}}