{"id":1656,"date":"2022-04-12T14:51:30","date_gmt":"2022-04-12T14:51:30","guid":{"rendered":"https:\/\/jaliscoopina.mx\/?p=1656"},"modified":"2022-04-12T14:51:30","modified_gmt":"2022-04-12T14:51:30","slug":"en-clinicas170-y-179-del-imss-aplicaran-vacuna-anti-covid-en-periodo-vacacional","status":"publish","type":"post","link":"https:\/\/jaliscoopina.mx\/index.php\/2022\/04\/12\/en-clinicas170-y-179-del-imss-aplicaran-vacuna-anti-covid-en-periodo-vacacional\/","title":{"rendered":"En cl\u00ednicas170 y 179 del IMSS aplicar\u00e1n vacuna anti-covid en periodo vacacional."},"content":{"rendered":"<p><b>A partir del martes a mayores de edad van a suministrar el biol\u00f3gico incluso el Jueves y Viernes Santo.<\/b><\/p>\n<p>La Secretar\u00eda de Salud Jalisco (SSJ) inform\u00f3 que durante el periodo vacacional de Semana Santa y de Pascua habr\u00e1 centros de salud del y Unidades de Medicina Familiar del IMSS, ISSSTE y SEDENA aplicando la vacuna contra COVID-19 sin cita previa, incluso algunos centros van a suministrar el biol\u00f3gico el Jueves Santo y Viernes Santo.<\/p>\n<p>En la relaci\u00f3n de la Unidades de Medicina Familiar del IMSS en que se estar\u00e1 inoculando contra el coronavirus, la dependencia precis\u00f3 que en Puerto Vallarta se podr\u00e1 acudir a las cl\u00ednicas 170 y 179, as\u00ed como a los centros de salud de la SSJ tambi\u00e9n se podr\u00edan acudir hospital del ISSSTE en esta ciudad, los interesados en recibir alguna dosis.<\/p>\n<p>#follow #followme #followforfollow #Espectaculos #feminicida #feminicidios #trenmaya<span class=\"Apple-converted-space\">\u00a0 <\/span>#followme #follower #followers #alwaysfollowback #followbackalways #1nstagramtags #teamfollowback #followbackteam #f4f #instaapp1 #ifollow #followall #followhim #followher #pleasefollow #pleasefollowme #futbol #seleccionmexicana #rusia #ucrania #guerra #papa #vaticano #desaparecidos #noticias #vallarta #jalisco #semanasanta #vacaciones #PuertoVallarta #Inauguraci\u00f3n #Puente #Cuale #tecate #metaverso #revocacion #amlo<span class=\"Apple-converted-space\">\u00a0<\/span><\/p>\n","protected":false},"excerpt":{"rendered":"<p>A partir del martes a mayores de edad van a suministrar el biol\u00f3gico incluso el Jueves y Viernes Santo. La Secretar\u00eda de Salud Jalisco (SSJ) inform\u00f3 que durante el periodo vacacional de Semana Santa y de Pascua habr\u00e1 centros de salud del y Unidades de Medicina Familiar del IMSS, ISSSTE y SEDENA aplicando la vacuna [&hellip;]<\/p>\n","protected":false},"author":4,"featured_media":1657,"comment_status":"open","ping_status":"open","sticky":false,"template":"","format":"standard","meta":{"footnotes":""},"categories":[60,45],"tags":[],"class_list":["post-1656","post","type-post","status-publish","format-standard","has-post-thumbnail","hentry","category-covid-19","category-ultimas-noticias"],"aioseo_notices":[],"_links":{"self":[{"href":"https:\/\/jaliscoopina.mx\/index.php\/wp-json\/wp\/v2\/posts\/1656","targetHints":{"allow":["GET"]}}],"collection":[{"href":"https:\/\/jaliscoopina.mx\/index.php\/wp-json\/wp\/v2\/posts"}],"about":[{"href":"https:\/\/jaliscoopina.mx\/index.php\/wp-json\/wp\/v2\/types\/post"}],"author":[{"embeddable":true,"href":"https:\/\/jaliscoopina.mx\/index.php\/wp-json\/wp\/v2\/users\/4"}],"replies":[{"embeddable":true,"href":"https:\/\/jaliscoopina.mx\/index.php\/wp-json\/wp\/v2\/comments?post=1656"}],"version-history":[{"count":1,"href":"https:\/\/jaliscoopina.mx\/index.php\/wp-json\/wp\/v2\/posts\/1656\/revisions"}],"predecessor-version":[{"id":1658,"href":"https:\/\/jaliscoopina.mx\/index.php\/wp-json\/wp\/v2\/posts\/1656\/revisions\/1658"}],"wp:featuredmedia":[{"embeddable":true,"href":"https:\/\/jaliscoopina.mx\/index.php\/wp-json\/wp\/v2\/media\/1657"}],"wp:attachment":[{"href":"https:\/\/jaliscoopina.mx\/index.php\/wp-json\/wp\/v2\/media?parent=1656"}],"wp:term":[{"taxonomy":"category","embeddable":true,"href":"https:\/\/jaliscoopina.mx\/index.php\/wp-json\/wp\/v2\/categories?post=1656"},{"taxonomy":"post_tag","embeddable":true,"href":"https:\/\/jaliscoopina.mx\/index.php\/wp-json\/wp\/v2\/tags?post=1656"}],"curies":[{"name":"wp","href":"https:\/\/api.w.org\/{rel}","templated":true}]}}