{"id":1571,"date":"2022-04-05T19:24:38","date_gmt":"2022-04-05T19:24:38","guid":{"rendered":"https:\/\/jaliscoopina.mx\/?p=1571"},"modified":"2022-04-05T19:24:38","modified_gmt":"2022-04-05T19:24:38","slug":"baja-afluencia-en-la-nueva-jornada-de-vacunacion-en-la-lija-y-bahia","status":"publish","type":"post","link":"https:\/\/jaliscoopina.mx\/index.php\/2022\/04\/05\/baja-afluencia-en-la-nueva-jornada-de-vacunacion-en-la-lija-y-bahia\/","title":{"rendered":"Baja afluencia en la nueva jornada de vacunaci\u00f3n en la Lija y Bah\u00eda."},"content":{"rendered":"<p>Dio inici\u00f3 la jornada de vacunaci\u00f3n para diferentes segmentos de edad, entre ellos ni\u00f1os de 12 a 17 a\u00f1os con comorbilidades, y de 15 a 17 a\u00f1os sin comorbilidades que se vacunaron antes del 4 de Marzo.<\/p>\n<p>De igual manera para mayores de 18 a\u00f1os en segunda y primera dosis, en este caso si se vacunaron en primera dosis antes del 8 de febrero.<\/p>\n<p>Para estas jornadas de vacunaci\u00f3n se activaron los m\u00f3dulos de la canchas del ejidal de San Vicente y el sal\u00f3n el centenario de Mezcales con un horario de 9 de la ma\u00f1ana a 5 de la tarde los d\u00edas martes 5, mi\u00e9rcoles 6 y jueves 7 de abril.<\/p>\n<p>#follow #followme #followforfollow <a href=\"https:\/\/www.facebook.com\/hashtag\/espectaculos?__eep__=6&amp;__cft__%5B0%5D=AZUnnlwImGmfZFv2oe5nGKfqfKXbg2AuybnNzRIcOKE9gvJd9OJjgjLo9eyBC2IZWGV1Z311n9hLbYLJReyWuOzsojexyNVuUiPY-RfsY6SVo3f6pwi09oF6v1ZVmr7vz2JKSciy4XqwWkGm6AT4mh2hgDFB3JTNpg8o1kAaVL-ZEQ\">#Espectaculos<\/a> #feminicida #feminicidios #trenmaya<span class=\"Apple-converted-space\">\u00a0 <\/span>#followme #follower #followers #alwaysfollowback #followbackalways #1nstagramtags #teamfollowback #followbackteam #f4f #instaapp1 #ifollow #followall #followhim #followher #pleasefollow #pleasefollowme #futbol #seleccionmexicana #rusia #ucrania #guerra #papa #vaticano #desaparecidos #noticias #vallarta #jalisco #semanasanta #vacaciones #PuertoVallarta<span class=\"Apple-converted-space\">\u00a0<\/span><\/p>\n","protected":false},"excerpt":{"rendered":"<p>Dio inici\u00f3 la jornada de vacunaci\u00f3n para diferentes segmentos de edad, entre ellos ni\u00f1os de 12 a 17 a\u00f1os con comorbilidades, y de 15 a 17 a\u00f1os sin comorbilidades que se vacunaron antes del 4 de Marzo. De igual manera para mayores de 18 a\u00f1os en segunda y primera dosis, en este caso si se [&hellip;]<\/p>\n","protected":false},"author":4,"featured_media":1572,"comment_status":"open","ping_status":"open","sticky":false,"template":"","format":"standard","meta":{"footnotes":""},"categories":[60,45],"tags":[],"class_list":["post-1571","post","type-post","status-publish","format-standard","has-post-thumbnail","hentry","category-covid-19","category-ultimas-noticias"],"aioseo_notices":[],"_links":{"self":[{"href":"https:\/\/jaliscoopina.mx\/index.php\/wp-json\/wp\/v2\/posts\/1571","targetHints":{"allow":["GET"]}}],"collection":[{"href":"https:\/\/jaliscoopina.mx\/index.php\/wp-json\/wp\/v2\/posts"}],"about":[{"href":"https:\/\/jaliscoopina.mx\/index.php\/wp-json\/wp\/v2\/types\/post"}],"author":[{"embeddable":true,"href":"https:\/\/jaliscoopina.mx\/index.php\/wp-json\/wp\/v2\/users\/4"}],"replies":[{"embeddable":true,"href":"https:\/\/jaliscoopina.mx\/index.php\/wp-json\/wp\/v2\/comments?post=1571"}],"version-history":[{"count":1,"href":"https:\/\/jaliscoopina.mx\/index.php\/wp-json\/wp\/v2\/posts\/1571\/revisions"}],"predecessor-version":[{"id":1573,"href":"https:\/\/jaliscoopina.mx\/index.php\/wp-json\/wp\/v2\/posts\/1571\/revisions\/1573"}],"wp:featuredmedia":[{"embeddable":true,"href":"https:\/\/jaliscoopina.mx\/index.php\/wp-json\/wp\/v2\/media\/1572"}],"wp:attachment":[{"href":"https:\/\/jaliscoopina.mx\/index.php\/wp-json\/wp\/v2\/media?parent=1571"}],"wp:term":[{"taxonomy":"category","embeddable":true,"href":"https:\/\/jaliscoopina.mx\/index.php\/wp-json\/wp\/v2\/categories?post=1571"},{"taxonomy":"post_tag","embeddable":true,"href":"https:\/\/jaliscoopina.mx\/index.php\/wp-json\/wp\/v2\/tags?post=1571"}],"curies":[{"name":"wp","href":"https:\/\/api.w.org\/{rel}","templated":true}]}}