{"id":1561,"date":"2022-04-05T13:55:38","date_gmt":"2022-04-05T13:55:38","guid":{"rendered":"https:\/\/jaliscoopina.mx\/?p=1561"},"modified":"2022-04-05T13:55:38","modified_gmt":"2022-04-05T13:55:38","slug":"apenas-se-desiste-el-sindicato-del-seapal-del-emplazamiento-de-huelga-que-aun-mantenia","status":"publish","type":"post","link":"https:\/\/jaliscoopina.mx\/index.php\/2022\/04\/05\/apenas-se-desiste-el-sindicato-del-seapal-del-emplazamiento-de-huelga-que-aun-mantenia\/","title":{"rendered":"Apenas se desiste el sindicato del Seapal del emplazamiento de huelga que a\u00fan manten\u00eda."},"content":{"rendered":"<p><b>Con la firma del contrato colectivo de trabajo para el periodo 2022-2024<\/b><\/p>\n<p>&nbsp;<\/p>\n<p>La administraci\u00f3n de SEAPAL Vallarta, encabezada por el director general Salvador Llamas Urbina, y el l\u00edder del Sindicato \u00danico de Trabajadores del organismo, Juan Andr\u00e9s Aguirre Palacios, realizaron la firma del contrato colectivo de trabajo a favor de los colaboradores para el periodo 2022 \u2013 2024.<\/p>\n<p>&nbsp;<\/p>\n<p>Durante el protocolo para la r\u00fabrica del documento que garantiza los derechos y obligaciones del personal sindicalizado de este organismo operador, as\u00ed como en las negociaciones previas, imper\u00f3 el buen \u00e1nimo y deseo por trabajar en armon\u00eda y bajo certidumbre durante esta administraci\u00f3n, con el objetivo principal de brindar un servicio de calidad a la sociedad vallartense.<\/p>\n<p>&nbsp;<\/p>\n<p>Este acuerdo permite brindarles a los trabajadores las herramientas y condiciones necesarias para hacer eficiente su trabajo, priorizando seguir operando bajo niveles de austeridad.<\/p>\n<p>&nbsp;<\/p>\n<p>Para la actual administraci\u00f3n de SEAPAL Vallarta, es importante reconocer el esfuerzo y empe\u00f1o que realizan todos los d\u00edas en cada una de sus trincheras, quienes forman parte de este organismo.<\/p>\n<p>#follow #followme #followforfollow <a href=\"https:\/\/www.facebook.com\/hashtag\/espectaculos?__eep__=6&amp;__cft__%5B0%5D=AZUnnlwImGmfZFv2oe5nGKfqfKXbg2AuybnNzRIcOKE9gvJd9OJjgjLo9eyBC2IZWGV1Z311n9hLbYLJReyWuOzsojexyNVuUiPY-RfsY6SVo3f6pwi09oF6v1ZVmr7vz2JKSciy4XqwWkGm6AT4mh2hgDFB3JTNpg8o1kAaVL-ZEQ\">#Espectaculos<\/a> #feminicida #feminicidios #trenmaya<span class=\"Apple-converted-space\">\u00a0 <\/span>#followme #follower #followers #alwaysfollowback #followbackalways #1nstagramtags #teamfollowback #followbackteam #f4f #instaapp1 #ifollow #followall #followhim #followher #pleasefollow #pleasefollowme #futbol #seleccionmexicana #rusia #ucrania #guerra #papa #vaticano #desaparecidos #noticias #vallarta #jalisco #semanasanta #vacaciones #PuertoVallarta<span class=\"Apple-converted-space\">\u00a0<\/span><\/p>\n","protected":false},"excerpt":{"rendered":"<p>Con la firma del contrato colectivo de trabajo para el periodo 2022-2024 &nbsp; La administraci\u00f3n de SEAPAL Vallarta, encabezada por el director general Salvador Llamas Urbina, y el l\u00edder del Sindicato \u00danico de Trabajadores del organismo, Juan Andr\u00e9s Aguirre Palacios, realizaron la firma del contrato colectivo de trabajo a favor de los colaboradores para el [&hellip;]<\/p>\n","protected":false},"author":4,"featured_media":1562,"comment_status":"open","ping_status":"open","sticky":false,"template":"","format":"standard","meta":{"footnotes":""},"categories":[45],"tags":[],"class_list":["post-1561","post","type-post","status-publish","format-standard","has-post-thumbnail","hentry","category-ultimas-noticias"],"aioseo_notices":[],"_links":{"self":[{"href":"https:\/\/jaliscoopina.mx\/index.php\/wp-json\/wp\/v2\/posts\/1561","targetHints":{"allow":["GET"]}}],"collection":[{"href":"https:\/\/jaliscoopina.mx\/index.php\/wp-json\/wp\/v2\/posts"}],"about":[{"href":"https:\/\/jaliscoopina.mx\/index.php\/wp-json\/wp\/v2\/types\/post"}],"author":[{"embeddable":true,"href":"https:\/\/jaliscoopina.mx\/index.php\/wp-json\/wp\/v2\/users\/4"}],"replies":[{"embeddable":true,"href":"https:\/\/jaliscoopina.mx\/index.php\/wp-json\/wp\/v2\/comments?post=1561"}],"version-history":[{"count":1,"href":"https:\/\/jaliscoopina.mx\/index.php\/wp-json\/wp\/v2\/posts\/1561\/revisions"}],"predecessor-version":[{"id":1563,"href":"https:\/\/jaliscoopina.mx\/index.php\/wp-json\/wp\/v2\/posts\/1561\/revisions\/1563"}],"wp:featuredmedia":[{"embeddable":true,"href":"https:\/\/jaliscoopina.mx\/index.php\/wp-json\/wp\/v2\/media\/1562"}],"wp:attachment":[{"href":"https:\/\/jaliscoopina.mx\/index.php\/wp-json\/wp\/v2\/media?parent=1561"}],"wp:term":[{"taxonomy":"category","embeddable":true,"href":"https:\/\/jaliscoopina.mx\/index.php\/wp-json\/wp\/v2\/categories?post=1561"},{"taxonomy":"post_tag","embeddable":true,"href":"https:\/\/jaliscoopina.mx\/index.php\/wp-json\/wp\/v2\/tags?post=1561"}],"curies":[{"name":"wp","href":"https:\/\/api.w.org\/{rel}","templated":true}]}}