{"id":1435,"date":"2022-03-27T13:42:45","date_gmt":"2022-03-27T13:42:45","guid":{"rendered":"https:\/\/jaliscoopina.mx\/?p=1435"},"modified":"2022-03-27T13:42:45","modified_gmt":"2022-03-27T13:42:45","slug":"mujer-es-golpeada-y-lanzada-a-una-tumba","status":"publish","type":"post","link":"https:\/\/jaliscoopina.mx\/index.php\/2022\/03\/27\/mujer-es-golpeada-y-lanzada-a-una-tumba\/","title":{"rendered":"Mujer es golpeada y lanzada a una tumba."},"content":{"rendered":"<p>Fiscal\u00eda del Estado (FE) abri\u00f3 una carpeta de investiga\u00adci\u00f3n en torno a la agresi\u00f3n que sufri\u00f3 una mujer de 34 a\u00f1os, la cual ocasion\u00f3 su deceso, en el municipio de San Juan de los Lagos.<\/p>\n<p>De manera preliminar se informa que a la 1:00 horas del viernes 25 en el interior del Hospital de Primer Contacto de San Juan de los Lagos, se report\u00f3 al personal de la FE la muerte de la mujer procedente de un pante\u00f3n ubicado en la calle Olmecas en el municipio antes se\u00f1alado.<\/p>\n<p>De acuerdo a las indaga\u00adtorias se logr\u00f3 saber que la v\u00edctima se encontraba en el pante\u00f3n junto con varios fa\u00admiliares cuando comenz\u00f3 a discutir con su pareja, por lo que ambos se retiraron a unos metros del lugar.<\/p>\n<p>Tras varios minutos, los familiares localizaron a la mujer en el interior de un se\u00adpulcro mal herida, por lo que posteriormente fue llevada a recibir atenci\u00f3n m\u00e9dica mientras que su pareja huy\u00f3 del sitio.<\/p>\n<p>#infantil #maltrato<span class=\"Apple-converted-space\">\u00a0 <\/span>#deportes #fiestas #PuertoVallarta #vidanta #clases #seguridad #semanasanta #vacaciones #estavivo #tipodecambio #guerra<span class=\"Apple-converted-space\">\u00a0 <\/span>#Skateboarding<b><span class=\"Apple-converted-space\">\u00a0<\/span><\/b><\/p>\n","protected":false},"excerpt":{"rendered":"<p>Fiscal\u00eda del Estado (FE) abri\u00f3 una carpeta de investiga\u00adci\u00f3n en torno a la agresi\u00f3n que sufri\u00f3 una mujer de 34 a\u00f1os, la cual ocasion\u00f3 su deceso, en el municipio de San Juan de los Lagos. De manera preliminar se informa que a la 1:00 horas del viernes 25 en el interior del Hospital de Primer [&hellip;]<\/p>\n","protected":false},"author":4,"featured_media":1436,"comment_status":"open","ping_status":"open","sticky":false,"template":"","format":"standard","meta":{"footnotes":""},"categories":[45],"tags":[],"class_list":["post-1435","post","type-post","status-publish","format-standard","has-post-thumbnail","hentry","category-ultimas-noticias"],"aioseo_notices":[],"_links":{"self":[{"href":"https:\/\/jaliscoopina.mx\/index.php\/wp-json\/wp\/v2\/posts\/1435","targetHints":{"allow":["GET"]}}],"collection":[{"href":"https:\/\/jaliscoopina.mx\/index.php\/wp-json\/wp\/v2\/posts"}],"about":[{"href":"https:\/\/jaliscoopina.mx\/index.php\/wp-json\/wp\/v2\/types\/post"}],"author":[{"embeddable":true,"href":"https:\/\/jaliscoopina.mx\/index.php\/wp-json\/wp\/v2\/users\/4"}],"replies":[{"embeddable":true,"href":"https:\/\/jaliscoopina.mx\/index.php\/wp-json\/wp\/v2\/comments?post=1435"}],"version-history":[{"count":1,"href":"https:\/\/jaliscoopina.mx\/index.php\/wp-json\/wp\/v2\/posts\/1435\/revisions"}],"predecessor-version":[{"id":1437,"href":"https:\/\/jaliscoopina.mx\/index.php\/wp-json\/wp\/v2\/posts\/1435\/revisions\/1437"}],"wp:featuredmedia":[{"embeddable":true,"href":"https:\/\/jaliscoopina.mx\/index.php\/wp-json\/wp\/v2\/media\/1436"}],"wp:attachment":[{"href":"https:\/\/jaliscoopina.mx\/index.php\/wp-json\/wp\/v2\/media?parent=1435"}],"wp:term":[{"taxonomy":"category","embeddable":true,"href":"https:\/\/jaliscoopina.mx\/index.php\/wp-json\/wp\/v2\/categories?post=1435"},{"taxonomy":"post_tag","embeddable":true,"href":"https:\/\/jaliscoopina.mx\/index.php\/wp-json\/wp\/v2\/tags?post=1435"}],"curies":[{"name":"wp","href":"https:\/\/api.w.org\/{rel}","templated":true}]}}