{"id":1326,"date":"2022-03-22T15:33:18","date_gmt":"2022-03-22T15:33:18","guid":{"rendered":"https:\/\/jaliscoopina.mx\/?p=1326"},"modified":"2022-03-22T15:33:18","modified_gmt":"2022-03-22T15:33:18","slug":"pueblos-originarios-celebran-equinoccio-de-primavera","status":"publish","type":"post","link":"https:\/\/jaliscoopina.mx\/index.php\/2022\/03\/22\/pueblos-originarios-celebran-equinoccio-de-primavera\/","title":{"rendered":"Pueblos originarios celebran Equinoccio de Primavera."},"content":{"rendered":"<p><b>Luis Escoto Mart\u00ednez<\/b>, director del Instituto Vallartense de Cultura, dio a conocer que del 22 al 25 de marzo celebrar\u00e1n el \u201c<b>Equinoccio de Primavera, cosmovisiones de los pueblos originarios<\/b>\u201d, en el parque Hidalgo, con un interesante y llamativo programa inspirado en rituales prehisp\u00e1nicos, extendiendo la invitaci\u00f3n al p\u00fablico en general.<\/p>\n<p><b>\u201cSer\u00e1 en el Parque Hidalgo, totalmente gratuito, la gente puede ir a visitar estos grandes eventos y conocer las culturas de nuestro bello M\u00e9xico\u201d, destac\u00f3 Escoto.<\/b><\/p>\n<p><b>Aurelio Herrera Huanosto<\/b>, quien es el coordinador de los Pueblos Originarios en el mismo Instituto Vallartense de Cultura, explic\u00f3 de las actividades a realizar, iniciando el martes 22 de marzo, a las 12:00 horas con la presentaci\u00f3n del equinoccio de primavera, a trav\u00e9s de danzas aut\u00f3ctonas y el ritual de purificaci\u00f3n y a las 7:00 de la tarde el cierre al bajar el sol con el se\u00f1or Raymundo Trinidad Morales, de la comunidad N\u00e1huatl.<\/p>\n<p>El resto de los d\u00edas las actividades son a las 7:00 de la tarde: el 23 de marzo se llevar\u00e1 a cabo el taller de medicina tradicional-herbolaria prehisp\u00e1nica, con Adalberto Rico Gonz\u00e1lez, de la comunidad Yaqui; el 24, taller de elaboraci\u00f3n de atrapasue\u00f1os, por Oscar Efra\u00edn Gonz\u00e1lez Felipe, del pueblo Otom\u00ed y el 25 la conferencia cosmovisiones y presentaci\u00f3n de los Voladores de Papantla, con el maestro Oscar Tavitas Altamirano, de la comunidad Mazahua.<\/p>\n<p><b>\u201cEl significado viene siendo lo que es la cosmovisi\u00f3n, de la separaci\u00f3n de los dioses y la parte natural&#8230;el inicio del ciclo, una nueva espiritualidad, una nueva trascendencia en este mundo. Les recomendamos que vayan vestidos de blanco. Va a ser muy atractivo, ojal\u00e1 que nos puedan acompa\u00f1ar\u201d.<\/b><\/p>\n<p><a href=\"https:\/\/www.facebook.com\/hashtag\/aifaorgullomexicano?__eep__=6\"><b>#AIFAorgulloMexicano<\/b><\/a><span class=\"Apple-converted-space\">\u00a0 <\/span><a href=\"https:\/\/www.facebook.com\/hashtag\/cuartatransformaci%C3%B3n?__eep__=6\"><b>#CuartaTransformaci\u00f3n<\/b><\/a> <a href=\"https:\/\/www.facebook.com\/hashtag\/misi%C3%B3ncumplida?__eep__=6\"><b>#Misi\u00f3nCumplida<\/b><\/a><\/p>\n","protected":false},"excerpt":{"rendered":"<p>Luis Escoto Mart\u00ednez, director del Instituto Vallartense de Cultura, dio a conocer que del 22 al 25 de marzo celebrar\u00e1n el \u201cEquinoccio de Primavera, cosmovisiones de los pueblos originarios\u201d, en el parque Hidalgo, con un interesante y llamativo programa inspirado en rituales prehisp\u00e1nicos, extendiendo la invitaci\u00f3n al p\u00fablico en general. \u201cSer\u00e1 en el Parque Hidalgo, [&hellip;]<\/p>\n","protected":false},"author":4,"featured_media":1327,"comment_status":"open","ping_status":"open","sticky":false,"template":"","format":"standard","meta":{"footnotes":""},"categories":[51,45],"tags":[],"class_list":["post-1326","post","type-post","status-publish","format-standard","has-post-thumbnail","hentry","category-cultura","category-ultimas-noticias"],"aioseo_notices":[],"_links":{"self":[{"href":"https:\/\/jaliscoopina.mx\/index.php\/wp-json\/wp\/v2\/posts\/1326","targetHints":{"allow":["GET"]}}],"collection":[{"href":"https:\/\/jaliscoopina.mx\/index.php\/wp-json\/wp\/v2\/posts"}],"about":[{"href":"https:\/\/jaliscoopina.mx\/index.php\/wp-json\/wp\/v2\/types\/post"}],"author":[{"embeddable":true,"href":"https:\/\/jaliscoopina.mx\/index.php\/wp-json\/wp\/v2\/users\/4"}],"replies":[{"embeddable":true,"href":"https:\/\/jaliscoopina.mx\/index.php\/wp-json\/wp\/v2\/comments?post=1326"}],"version-history":[{"count":1,"href":"https:\/\/jaliscoopina.mx\/index.php\/wp-json\/wp\/v2\/posts\/1326\/revisions"}],"predecessor-version":[{"id":1328,"href":"https:\/\/jaliscoopina.mx\/index.php\/wp-json\/wp\/v2\/posts\/1326\/revisions\/1328"}],"wp:featuredmedia":[{"embeddable":true,"href":"https:\/\/jaliscoopina.mx\/index.php\/wp-json\/wp\/v2\/media\/1327"}],"wp:attachment":[{"href":"https:\/\/jaliscoopina.mx\/index.php\/wp-json\/wp\/v2\/media?parent=1326"}],"wp:term":[{"taxonomy":"category","embeddable":true,"href":"https:\/\/jaliscoopina.mx\/index.php\/wp-json\/wp\/v2\/categories?post=1326"},{"taxonomy":"post_tag","embeddable":true,"href":"https:\/\/jaliscoopina.mx\/index.php\/wp-json\/wp\/v2\/tags?post=1326"}],"curies":[{"name":"wp","href":"https:\/\/api.w.org\/{rel}","templated":true}]}}