{"id":1312,"date":"2022-03-21T15:22:54","date_gmt":"2022-03-21T15:22:54","guid":{"rendered":"https:\/\/jaliscoopina.mx\/?p=1312"},"modified":"2022-03-21T15:22:54","modified_gmt":"2022-03-21T15:22:54","slug":"turistas-disfrutan-de-las-playas-de-vallarta-durante-puente","status":"publish","type":"post","link":"https:\/\/jaliscoopina.mx\/index.php\/2022\/03\/21\/turistas-disfrutan-de-las-playas-de-vallarta-durante-puente\/","title":{"rendered":"Turistas disfrutan de las playas de Vallarta durante puente."},"content":{"rendered":"<p>Turistas de diferentes ciudades del pa\u00eds est\u00e1n en Puerto Vallarta para pasar el fin de semana largo, por lo que de acuerdo a un breve sondeo realizado por <b>CPS Noticias y Tribuna de la Bah\u00eda<\/b>, algunos de estos mencionaron que les encanta viajar a este destino y sobre todo ba\u00f1arse en las playas, caminar por el malec\u00f3n y la gente es muy amigable.<\/p>\n<p>En un recorrido por la franja tur\u00edstica de la ciudad, se pudo observar una gran afluencia de visitantes y locales disfrutando de la playa y algunos restaurantes que debido a las nuevas disposiciones del gobierno estatal ya pueden operar al 100 %.<\/p>\n<p>En la Playa Los Muertos, hab\u00eda cientos de sombrillas de colores y mucha gente dentro de la playa, algunos comprando mariscos, otros llevando su propia comida y bebida. Por otro lado, hab\u00eda muchos turistas rentando un tour a Los Arcos de Mismaloya, Quimixto, Las \u00c1nimas y m\u00e1s.<\/p>\n<p>En este sentido, se entrevist\u00f3 a Mildred Alejandra Ay\u00f3n Santiago, originaria de Tepic, Nayarit, qui\u00e9n mencion\u00f3 que no es la primera vez que visita Puerto Vallarta, pero aprovech\u00f3 el puente para estar en la ciudad con su familia. Por lo que siempre le ha gustado las playas, los antros y caminar por el centro, por lo que recomienda totalmente esta ciudad.<\/p>\n<p><b>#VentajaYFortaleza<\/b> <b>#CristianRey<\/b> <b>#Chumel<\/b> <b>#Lakers<\/b> <b>#Raptors<\/b> <b>#MATIYOUARESOGOLDEN<\/b> <b>#ElUltimoRey<\/b> <b>#ladypelotas#JIMINOSTisComing<\/b> <b>#35VALLASZUDIKEY<\/b> <b>#WELOVEUARIS<\/b> <b>#SandraCuevas<\/b> <b>#Emilio<\/b> <b>#JuanOsorio<\/b> <b>#Medina #AMLO #alfaro<\/b><\/p>\n","protected":false},"excerpt":{"rendered":"<p>Turistas de diferentes ciudades del pa\u00eds est\u00e1n en Puerto Vallarta para pasar el fin de semana largo, por lo que de acuerdo a un breve sondeo realizado por CPS Noticias y Tribuna de la Bah\u00eda, algunos de estos mencionaron que les encanta viajar a este destino y sobre todo ba\u00f1arse en las playas, caminar por [&hellip;]<\/p>\n","protected":false},"author":4,"featured_media":1313,"comment_status":"open","ping_status":"open","sticky":false,"template":"","format":"standard","meta":{"footnotes":""},"categories":[45],"tags":[],"class_list":["post-1312","post","type-post","status-publish","format-standard","has-post-thumbnail","hentry","category-ultimas-noticias"],"aioseo_notices":[],"_links":{"self":[{"href":"https:\/\/jaliscoopina.mx\/index.php\/wp-json\/wp\/v2\/posts\/1312","targetHints":{"allow":["GET"]}}],"collection":[{"href":"https:\/\/jaliscoopina.mx\/index.php\/wp-json\/wp\/v2\/posts"}],"about":[{"href":"https:\/\/jaliscoopina.mx\/index.php\/wp-json\/wp\/v2\/types\/post"}],"author":[{"embeddable":true,"href":"https:\/\/jaliscoopina.mx\/index.php\/wp-json\/wp\/v2\/users\/4"}],"replies":[{"embeddable":true,"href":"https:\/\/jaliscoopina.mx\/index.php\/wp-json\/wp\/v2\/comments?post=1312"}],"version-history":[{"count":1,"href":"https:\/\/jaliscoopina.mx\/index.php\/wp-json\/wp\/v2\/posts\/1312\/revisions"}],"predecessor-version":[{"id":1314,"href":"https:\/\/jaliscoopina.mx\/index.php\/wp-json\/wp\/v2\/posts\/1312\/revisions\/1314"}],"wp:featuredmedia":[{"embeddable":true,"href":"https:\/\/jaliscoopina.mx\/index.php\/wp-json\/wp\/v2\/media\/1313"}],"wp:attachment":[{"href":"https:\/\/jaliscoopina.mx\/index.php\/wp-json\/wp\/v2\/media?parent=1312"}],"wp:term":[{"taxonomy":"category","embeddable":true,"href":"https:\/\/jaliscoopina.mx\/index.php\/wp-json\/wp\/v2\/categories?post=1312"},{"taxonomy":"post_tag","embeddable":true,"href":"https:\/\/jaliscoopina.mx\/index.php\/wp-json\/wp\/v2\/tags?post=1312"}],"curies":[{"name":"wp","href":"https:\/\/api.w.org\/{rel}","templated":true}]}}