{"id":1233,"date":"2022-03-16T14:59:56","date_gmt":"2022-03-16T14:59:56","guid":{"rendered":"https:\/\/jaliscoopina.mx\/?p=1233"},"modified":"2022-03-16T14:59:56","modified_gmt":"2022-03-16T14:59:56","slug":"continuan-cerrados-tramos-de-avenida-de-ingreso","status":"publish","type":"post","link":"https:\/\/jaliscoopina.mx\/index.php\/2022\/03\/16\/continuan-cerrados-tramos-de-avenida-de-ingreso\/","title":{"rendered":"Contin\u00faan cerrados tramos de avenida de Ingreso."},"content":{"rendered":"<p>El boulevard Francisco Medina Ascencio mantiene cerrado un tramo en su lateral sentido norte sur, frente a la terminal mar\u00edtima, desde el sem\u00e1foro en el ingreso a Galer\u00edas Plaza al crucero con Prisciliano S\u00e1nchez, por la rehabilitaci\u00f3n de losas de concreto hidr\u00e1ulico, desde el lunes 14 cortaron la circulaci\u00f3n vehicular y podr\u00edan reabrirlo el viernes 18.<\/p>\n<p><b>D<\/b>irector de Obras P\u00fablicas del Ayuntamiento, inform\u00f3 que se trata de un programa de rehabilitaci\u00f3n de juntas fr\u00edas de las losas, cuyos da\u00f1os con el paso del tiempo han marcado irregularidades en el suelo y levantado el concreto formando unos topes, por lo que era necesario eliminarlos, consider\u00f3 que <b>en un mes concluyen estos trabajos.<\/b><\/p>\n<p><b>\u201cTenemos varias rehabilitaciones para que no ya no haya topes en la vialidad, para mejor funcionamiento. El presidente municipal, preocupado por los turistas y vallartenses, impuls\u00f3 estas acciones por unas vialidades dignas\u201d, enfatiz\u00f3.<\/b><\/p>\n<p><b>\u201cNos quedan dos puntos por atacar, delante de donde est\u00e1 la Marina. Despu\u00e9s vamos a parar por el marat\u00f3n, tambi\u00e9n en semana santa vamos a detener los trabajos\u201d, anunci\u00f3 el funcionario municipal.<\/b><\/p>\n<p>El ingeniero <b>S\u00e1nchez Rodr\u00edguez<\/b> en su momento indic\u00f3 que ser\u00edan 10 los puntos programados, desde el cruce con la avenida Los tules hasta el ingreso a Marina Vallarta, hoy se\u00f1al\u00f3 que faltan cuatro por intervenir, por lo que exhort\u00f3 a la ciudadan\u00eda a tomar sus precauciones y v\u00edas alternas.<\/p>\n<p>Anunci\u00f3 que tambi\u00e9n van a reparar las bocas de tormentas, empezando junto a la glorieta de La Ballena en la avenida Medina Ascencio.<\/p>\n<p><b>\u201cHay varios puntos de los lugares que se van a rehabilitar, en la entrada a Las Juntas, por la carretera donde esta la Pepsi, tambi\u00e9n por Aurrera en Ixtapa y aqu\u00ed afuera de la UMA, ser\u00e1n por secciones, algunas est\u00e1n contempladas su rehabilitaci\u00f3n y otras al 40 o 50 % seg\u00fan se encuentren las rejillas\u201d.<\/b><\/p>\n<p><b>#VentajaYFortaleza<\/b> <b>#CristianRey<\/b> <b>#Chumel<\/b> <b>#Lakers<\/b> <b>#Raptors<\/b> <b>#MATIYOUARESOGOLDEN<\/b> <b>#ElUltimoRey<\/b> <b>#ladypelotas#JIMINOSTisComing<\/b> <b>#35VALLASZUDIKEY<\/b> <b>#WELOVEUARIS<\/b> <b>#SandraCuevas<\/b> <b>#Emilio<\/b> <b>#JuanOsorio<\/b> <b>#Medina #AMLO<\/b><\/p>\n","protected":false},"excerpt":{"rendered":"<p>El boulevard Francisco Medina Ascencio mantiene cerrado un tramo en su lateral sentido norte sur, frente a la terminal mar\u00edtima, desde el sem\u00e1foro en el ingreso a Galer\u00edas Plaza al crucero con Prisciliano S\u00e1nchez, por la rehabilitaci\u00f3n de losas de concreto hidr\u00e1ulico, desde el lunes 14 cortaron la circulaci\u00f3n vehicular y podr\u00edan reabrirlo el viernes [&hellip;]<\/p>\n","protected":false},"author":4,"featured_media":1234,"comment_status":"open","ping_status":"open","sticky":false,"template":"","format":"standard","meta":{"footnotes":""},"categories":[45],"tags":[],"class_list":["post-1233","post","type-post","status-publish","format-standard","has-post-thumbnail","hentry","category-ultimas-noticias"],"aioseo_notices":[],"_links":{"self":[{"href":"https:\/\/jaliscoopina.mx\/index.php\/wp-json\/wp\/v2\/posts\/1233","targetHints":{"allow":["GET"]}}],"collection":[{"href":"https:\/\/jaliscoopina.mx\/index.php\/wp-json\/wp\/v2\/posts"}],"about":[{"href":"https:\/\/jaliscoopina.mx\/index.php\/wp-json\/wp\/v2\/types\/post"}],"author":[{"embeddable":true,"href":"https:\/\/jaliscoopina.mx\/index.php\/wp-json\/wp\/v2\/users\/4"}],"replies":[{"embeddable":true,"href":"https:\/\/jaliscoopina.mx\/index.php\/wp-json\/wp\/v2\/comments?post=1233"}],"version-history":[{"count":1,"href":"https:\/\/jaliscoopina.mx\/index.php\/wp-json\/wp\/v2\/posts\/1233\/revisions"}],"predecessor-version":[{"id":1235,"href":"https:\/\/jaliscoopina.mx\/index.php\/wp-json\/wp\/v2\/posts\/1233\/revisions\/1235"}],"wp:featuredmedia":[{"embeddable":true,"href":"https:\/\/jaliscoopina.mx\/index.php\/wp-json\/wp\/v2\/media\/1234"}],"wp:attachment":[{"href":"https:\/\/jaliscoopina.mx\/index.php\/wp-json\/wp\/v2\/media?parent=1233"}],"wp:term":[{"taxonomy":"category","embeddable":true,"href":"https:\/\/jaliscoopina.mx\/index.php\/wp-json\/wp\/v2\/categories?post=1233"},{"taxonomy":"post_tag","embeddable":true,"href":"https:\/\/jaliscoopina.mx\/index.php\/wp-json\/wp\/v2\/tags?post=1233"}],"curies":[{"name":"wp","href":"https:\/\/api.w.org\/{rel}","templated":true}]}}