{"id":1013,"date":"2022-03-04T15:41:23","date_gmt":"2022-03-04T15:41:23","guid":{"rendered":"https:\/\/jaliscoopina.mx\/?p=1013"},"modified":"2022-03-04T18:54:20","modified_gmt":"2022-03-04T18:54:20","slug":"ni-a-los-difuntos-respetan-por-la-huelga","status":"publish","type":"post","link":"https:\/\/jaliscoopina.mx\/index.php\/2022\/03\/04\/ni-a-los-difuntos-respetan-por-la-huelga\/","title":{"rendered":"Ni a los difuntos respetan por la huelga"},"content":{"rendered":"<div class=\"\" data-block=\"true\" data-editor=\"a2ulf\" data-offset-key=\"5mtr9-0-0\">\n<h3 class=\"_1mf _1mj\" style=\"text-align: center;\" data-offset-key=\"5mtr9-0-0\"><span data-offset-key=\"5mtr9-0-0\">Una mujer a quien se le muri\u00f3 su se\u00f1ora madre, acudi\u00f3 con la urgencia de obtener el certificado de defunci\u00f3n, mismo que no pudo obtener debido al paro sindical.<\/span><\/h3>\n<p><img loading=\"lazy\" decoding=\"async\" class=\"size-large wp-image-1014 alignnone\" src=\"https:\/\/jaliscoopina.mx\/wp-content\/uploads\/2022\/03\/Captura-de-pantalla-2022-03-04-a-las-9.33.49-a.m.-1024x367.png\" alt=\"\" width=\"1024\" height=\"367\" srcset=\"https:\/\/jaliscoopina.mx\/wp-content\/uploads\/2022\/03\/Captura-de-pantalla-2022-03-04-a-las-9.33.49-a.m.-1024x367.png 1024w, https:\/\/jaliscoopina.mx\/wp-content\/uploads\/2022\/03\/Captura-de-pantalla-2022-03-04-a-las-9.33.49-a.m.-300x108.png 300w, https:\/\/jaliscoopina.mx\/wp-content\/uploads\/2022\/03\/Captura-de-pantalla-2022-03-04-a-las-9.33.49-a.m.-768x276.png 768w, https:\/\/jaliscoopina.mx\/wp-content\/uploads\/2022\/03\/Captura-de-pantalla-2022-03-04-a-las-9.33.49-a.m..png 1070w\" sizes=\"auto, (max-width: 1024px) 100vw, 1024px\" \/><\/p>\n<\/div>\n<div class=\"\" data-block=\"true\" data-editor=\"a2ulf\" data-offset-key=\"cvjnc-0-0\">\n<div class=\"_1mf _1mj\" data-offset-key=\"cvjnc-0-0\"><\/div>\n<\/div>\n<div class=\"\" data-block=\"true\" data-editor=\"a2ulf\" data-offset-key=\"a8cll-0-0\">\n<div class=\"_1mf _1mj\" data-offset-key=\"a8cll-0-0\"><span data-offset-key=\"a8cll-0-0\">Una se\u00f1ora acompa\u00f1ada de sus dos hijos peque\u00f1os, adem\u00e1s de su esposo lament\u00f3 mucho la situaci\u00f3n debido a que las 8 de la ma\u00f1ana con 10 minutos, ten\u00eda cita para tramite de su pasaporte, la hora venci\u00f3 y coment\u00f3, que se le complicar\u00eda ahora volver a tener agenda. Y lo m\u00e1s grave, se le complicar\u00eda el tr\u00e1mite de la Visa en la ciudad de Guadalajara. Sin el pasaporte, no hay visa, dijo.<\/span><\/div>\n<\/div>\n<div class=\"\" data-block=\"true\" data-editor=\"a2ulf\" data-offset-key=\"caug6-0-0\">\n<div class=\"_1mf _1mj\" data-offset-key=\"caug6-0-0\"><span data-offset-key=\"caug6-0-0\">\u00a0<\/span><\/div>\n<\/div>\n<div class=\"\" data-block=\"true\" data-editor=\"a2ulf\" data-offset-key=\"a15d-0-0\">\n<div class=\"_1mf _1mj\" data-offset-key=\"a15d-0-0\"><span data-offset-key=\"a15d-0-0\">Una familia lleg\u00f3 con el objetivo de estar presentes en la boda civil de familiares, programada para las 9 de la ma\u00f1ana, tampoco se pudo realizar debido al paro.<\/span><\/div>\n<\/div>\n","protected":false},"excerpt":{"rendered":"<p>Una mujer a quien se le muri\u00f3 su se\u00f1ora madre, acudi\u00f3 con la urgencia de obtener el certificado de defunci\u00f3n, mismo que no pudo obtener debido al paro sindical. Una se\u00f1ora acompa\u00f1ada de sus dos hijos peque\u00f1os, adem\u00e1s de su esposo lament\u00f3 mucho la situaci\u00f3n debido a que las 8 de la ma\u00f1ana con 10 [&hellip;]<\/p>\n","protected":false},"author":4,"featured_media":1014,"comment_status":"open","ping_status":"open","sticky":false,"template":"","format":"standard","meta":{"footnotes":""},"categories":[74,45],"tags":[],"class_list":["post-1013","post","type-post","status-publish","format-standard","has-post-thumbnail","hentry","category-politica","category-ultimas-noticias"],"aioseo_notices":[],"_links":{"self":[{"href":"https:\/\/jaliscoopina.mx\/index.php\/wp-json\/wp\/v2\/posts\/1013","targetHints":{"allow":["GET"]}}],"collection":[{"href":"https:\/\/jaliscoopina.mx\/index.php\/wp-json\/wp\/v2\/posts"}],"about":[{"href":"https:\/\/jaliscoopina.mx\/index.php\/wp-json\/wp\/v2\/types\/post"}],"author":[{"embeddable":true,"href":"https:\/\/jaliscoopina.mx\/index.php\/wp-json\/wp\/v2\/users\/4"}],"replies":[{"embeddable":true,"href":"https:\/\/jaliscoopina.mx\/index.php\/wp-json\/wp\/v2\/comments?post=1013"}],"version-history":[{"count":1,"href":"https:\/\/jaliscoopina.mx\/index.php\/wp-json\/wp\/v2\/posts\/1013\/revisions"}],"predecessor-version":[{"id":1015,"href":"https:\/\/jaliscoopina.mx\/index.php\/wp-json\/wp\/v2\/posts\/1013\/revisions\/1015"}],"wp:featuredmedia":[{"embeddable":true,"href":"https:\/\/jaliscoopina.mx\/index.php\/wp-json\/wp\/v2\/media\/1014"}],"wp:attachment":[{"href":"https:\/\/jaliscoopina.mx\/index.php\/wp-json\/wp\/v2\/media?parent=1013"}],"wp:term":[{"taxonomy":"category","embeddable":true,"href":"https:\/\/jaliscoopina.mx\/index.php\/wp-json\/wp\/v2\/categories?post=1013"},{"taxonomy":"post_tag","embeddable":true,"href":"https:\/\/jaliscoopina.mx\/index.php\/wp-json\/wp\/v2\/tags?post=1013"}],"curies":[{"name":"wp","href":"https:\/\/api.w.org\/{rel}","templated":true}]}}